{"id":106134,"date":"2026-04-27T13:15:21","date_gmt":"2026-04-27T11:15:21","guid":{"rendered":"https:\/\/poloplus10.com\/?p=106134"},"modified":"2026-04-27T13:29:07","modified_gmt":"2026-04-27T11:29:07","slug":"kampen-classics-2026","status":"publish","type":"post","link":"https:\/\/poloplus10.com\/de\/kampen-classics-2026\/","title":{"rendered":"Kampen Classics 2026"},"content":{"rendered":"\t\t<div data-elementor-type=\"wp-post\" data-elementor-id=\"106134\" class=\"elementor elementor-106134\">\n\t\t\t\t\t\t<div class=\"elementor-inner\">\n\t\t\t\t<div class=\"elementor-section-wrap\">\n\t\t\t\t\t\t\t\t\t<section class=\"elementor-section elementor-top-section elementor-element elementor-element-c42ac47 elementor-section-boxed elementor-section-height-default elementor-section-height-default\" data-id=\"c42ac47\" data-element_type=\"section\">\n\t\t\t\t\t\t<div class=\"elementor-container elementor-column-gap-default\">\n\t\t\t\t\t\t\t<div class=\"elementor-row\">\n\t\t\t\t\t<div class=\"elementor-column elementor-col-100 elementor-top-column elementor-element elementor-element-cfd1f4f\" data-id=\"cfd1f4f\" data-element_type=\"column\">\n\t\t\t<div class=\"elementor-column-wrap elementor-element-populated\">\n\t\t\t\t\t\t\t<div class=\"elementor-widget-wrap\">\n\t\t\t\t\t\t<div class=\"elementor-element elementor-element-03b17b1 elementor-widget elementor-widget-heading\" data-id=\"03b17b1\" data-element_type=\"widget\" data-widget_type=\"heading.default\">\n\t\t\t\t<div class=\"elementor-widget-container\">\n\t\t\t<h2 id=\"sylt-im-zeichen-von-oldtimernund-youngtimern\" class=\"elementor-heading-title elementor-size-default\">Sylt im Zeichen von Oldtimern\nund Youngtimern<\/h2>\t\t<\/div>\n\t\t\t\t<\/div>\n\t\t\t\t<div class=\"elementor-element elementor-element-fcc11ba elementor-widget elementor-widget-text-editor\" data-id=\"fcc11ba\" data-element_type=\"widget\" data-widget_type=\"text-editor.default\">\n\t\t\t\t<div class=\"elementor-widget-container\">\n\t\t\t\t\t\t\t\t<div class=\"elementor-text-editor elementor-clearfix\">\n\t\t\t\t<p class=\"p1\"><strong><span class=\"s1\">Mit den Kampen Classics entsteht im Sommer 2026 eine neue, hochwertige Veranstaltung, die automobile Kultur, Stil und Begegnung auf besondere Weise verbindet. Vom 18. bis 21. Juni 2026 wird Kampen erstmals zur B\u00fchne f\u00fcr klassische Automobile, ausgew\u00e4hlte Youngtimer und eine genussorientierte, stilbewusste Zielgruppe.<\/span><\/strong><\/p><p class=\"p1\"><span class=\"s1\">Im Zentrum der Veranstaltung steht der Str\u00f6nwai, Kampens legend\u00e4re Whisky-Meile, die f\u00fcr die Dauer der Kampen Classics vollst\u00e4ndig gesperrt wird. Hier entsteht ein kuratierter Parc ferm\u00e9 als zentraler Treffpunkt f\u00fcr Teilnehmer, G\u00e4ste und Besucher. Anders als bei klassischen Rallyes oder Wettbewerben liegt der Fokus der Kampen Classics nicht auf Geschwindigkeit oder Wertung, sondern auf Austausch, Fahrkultur, Design und dem gemeinsamen Erleben automobiler Leidenschaft.<\/span><\/p><p class=\"p1\"><span class=\"s1\">Ein zentrales Element des Konzepts sind die pers\u00f6nlich gef\u00fchrten Driving Experiences. In kleinen Gruppen von maximal 15 Fahrzeugen erleben die Teilnehmer ausgew\u00e4hlte Routen \u00fcber die Insel, begleitet von lokalen Guides und bewusst gesetzten Stopps. So macht beispielsweise die DIK-Tour am Freitag, 19. Juni 2026, Station bei Sternekoch Johannes King, wo neben kulinarischen Akzenten auch Einblicke in regionale Produktkultur und gastronomische Handwerkskunst geboten werden. Die Ausfahrten richten sich an Automobilenthusiasten und Sammler, die automobile Kultur als Lebensstil verstehen und Wert auf besondere Genussmomente legen.<\/span><\/p><p class=\"p1\"><span class=\"s2\"><b>Neben den Driving Experiences gibt es zwei weitere Teilnahmem\u00f6glichkeiten:<\/b><b><\/b><\/span><\/p><p class=\"p1\"><span class=\"s2\">\u2022 Mit \u201eAusstellen &amp; Begegnen\u201c erhalten Oldtimer- und Youngtimer-Besitzer die M\u00f6glichkeit, ihr Fahrzeug \u00fcber mehrere Tage hinweg im Parc ferm\u00e9 im Herzen Kampens zu pr\u00e4sentieren \u2013 ohne Teilnahme an einer Ausfahrt, aber mitten im Geschehen.<\/span><\/p><p class=\"p1\"><span class=\"s2\">\u2022 Der Day Pass \u201eClassic Stopover\u201c richtet sich an Teilnehmer, die die Kampen Classics kompakt an einem Tag erleben und ihr Fahrzeug f\u00fcr einen definierten Zeitraum im Parc ferm\u00e9 ausstellen m\u00f6chten.<\/span><\/p><p class=\"p1\"><span class=\"s2\">F\u00fcr Sylter und Besucher, die die automobilen Rarit\u00e4ten aus n\u00e4chster N\u00e4he erleben m\u00f6chten, findet an allen vier Veranstaltungstagen \u2013 vom 18. bis 21. Juni 2026, jeweils von 10 bis 18 Uhr \u2013 ein vielseitiges Rahmenprogramm mit kulinarischen Angeboten ausgew\u00e4hlter Sylter Gastronomen auf der Whisky-Meile statt.<\/span><\/p><p class=\"p1\"><span class=\"s2\">Auch renommierte Marken sind Teil des kuratierten Gesamtkonzepts. So tritt Aston Martin Hamburg als offizieller Sponsor der Kampen Classics auf. Auf rund 150 Quadratmetern Ausstellungsfl\u00e4che im Zentrum des Veranstaltungsgeschehens verbindet die Marke moderne Pr\u00e4senz mit automobiler Tradition. Dar\u00fcber hinaus wird ein besonderes Highlight aus Gro\u00dfbritannien pr\u00e4sentiert, das die traditionsreiche Verbindung britischer Automobilkultur mit moderner Performance unterstreicht.<\/span><\/p><p class=\"p1\"><span class=\"s2\">Erg\u00e4nzt wird das Tagesprogramm durch eine Reihe kuratierter Abendveranstaltungen, die den Charakter der Kampen Classics auch nach Sonnenuntergang erlebbar machen.<\/span><\/p><p class=\"p1\"><span class=\"s2\">Den Auftakt bildet am Donnerstag, 18. Juni 2026, die offizielle Er\u00f6ffnungsveranstaltung im Hotel Rungholt. Auf der Terrasse des Privathotels, mit Blick von der Kampener Anh\u00f6he Richtung List \u00fcber Nordsee und Watt, erwartet die G\u00e4ste ein Abend zwischen Sonnenuntergang, Kulinarik und Musik. F\u00fcr die musikalische Atmosph\u00e4re sorgt der Saxophonist, Komponist und S\u00e4nger Weert Kramer, der mit Jazz- und Funk-Klassikern durch den Sommerabend f\u00fchrt.<\/span><\/p><p class=\"p1\"><span class=\"s2\">Am Freitag, 19. Juni 2026, wird die Veranstaltungsreihe mit einem After-Show-Event im Gog\u00e4rtchen fortgesetzt \u2013 entspannt, stilvoll und mitten in Kampen.<\/span><\/p><p class=\"p1\">Den Abschluss der Abendveranstaltungen bildet am Samstag, 20. Juni 2026, ein Event in der Sturmhaube, das das Wochenende in besonderer Atmosph\u00e4re abrundet.<\/p><p class=\"p1\"><span class=\"s2\">Teilnahmeberechtigt sind Oldtimer sowie ausgew\u00e4hlte Youngtimer, die sich durch Originalit\u00e4t, Zustand und Geschichte auszeichnen. Ein respektvoller Umgang mit den Fahrzeugen sowie ein hochwertiger, entschleunigter Rahmen stehen bewusst im Vordergrund.<\/span><\/p><p class=\"p1\">\u201eWir stecken aktuell mitten in der Planungsphase und sprechen mit m\u00f6glichen Teilnehmern und Sponsoren f\u00fcr die Kampen Classics 2026. Das Feedback aus den bisherigen Gespr\u00e4chen ist sehr positiv, und die ersten Anmeldungen liegen bereits vor. Interessierte Oldtimer- und Youngtimer-Fans k\u00f6nnen sich auf unserer Website informieren. Wir freuen uns schon jetzt darauf, gemeinsam mit vielen weiteren Teilnehmerinnen und Teilnehmern ein neues Kapitel automobiler Kultur in Kampen zu erleben\u201c, sagt Kiki Schneider, die gemeinsam mit Holger Sturm, einem Sylter Petrol Head, die Kampen Classics ins Leben gerufen hat.<\/p><p class=\"p1\">Auch die Gemeinde Kampen blickt mit Vorfreude auf das neue Event-Highlight. Birgit Friese, Tourismusdirektorin der Gemeinde Kampen, sagt:<\/p><p class=\"p1\">\u201eWir w\u00fcnschen uns ein vielschichtiges, unterhaltsames, aber auch stilvolles Festival. Erlebnistage, die zu Kampen passen. Idealerweise reisen G\u00e4ste genau deswegen an, wohnen bei uns und begegnen sich auf den verschiedenen Events rund um das Oldtimer- und Youngtimer-Treffen.\u201c<\/p><p class=\"p1\"><a href=\"https:\/\/www.kampenclassics.de\/das-team-kontakt\">www.kampenclassics.de<\/a><\/p>\t\t\t\t\t<\/div>\n\t\t\t\t\t\t<\/div>\n\t\t\t\t<\/div>\n\t\t\t\t<div class=\"elementor-element elementor-element-abd8e1c elementor-widget elementor-widget-image\" data-id=\"abd8e1c\" data-element_type=\"widget\" data-widget_type=\"image.default\">\n\t\t\t\t<div class=\"elementor-widget-container\">\n\t\t\t\t\t\t\t\t<div class=\"elementor-image\">\n\t\t\t\t\t\t\t\t\t\t\t\t\t<a href=\"https:\/\/www.kampenclassics.de\/das-team-kontakt\">\n\t\t\t\t\t\t\t<img decoding=\"async\" width=\"839\" height=\"240\" src=\"https:\/\/poloplus10.com\/wp-content\/uploads\/2026\/04\/Kampen_Classics_Logo_einfarbig.jpg\" class=\"attachment-large size-large\" alt=\"\" loading=\"lazy\" srcset=\"https:\/\/poloplus10.com\/wp-content\/uploads\/2026\/04\/Kampen_Classics_Logo_einfarbig.jpg 839w, https:\/\/poloplus10.com\/wp-content\/uploads\/2026\/04\/Kampen_Classics_Logo_einfarbig-800x229.jpg 800w, https:\/\/poloplus10.com\/wp-content\/uploads\/2026\/04\/Kampen_Classics_Logo_einfarbig-120x34.jpg 120w, https:\/\/poloplus10.com\/wp-content\/uploads\/2026\/04\/Kampen_Classics_Logo_einfarbig-90x26.jpg 90w, https:\/\/poloplus10.com\/wp-content\/uploads\/2026\/04\/Kampen_Classics_Logo_einfarbig-320x92.jpg 320w, https:\/\/poloplus10.com\/wp-content\/uploads\/2026\/04\/Kampen_Classics_Logo_einfarbig-560x160.jpg 560w\" sizes=\"(max-width: 839px) 100vw, 839px\" \/>\t\t\t\t\t\t\t\t<\/a>\n\t\t\t\t\t\t\t\t\t\t\t\t\t\t<\/div>\n\t\t\t\t\t\t<\/div>\n\t\t\t\t<\/div>\n\t\t\t\t<div class=\"elementor-element elementor-element-3c09916 elementor-widget elementor-widget-text-editor\" data-id=\"3c09916\" data-element_type=\"widget\" data-widget_type=\"text-editor.default\">\n\t\t\t\t<div class=\"elementor-widget-container\">\n\t\t\t\t\t\t\t\t<div class=\"elementor-text-editor elementor-clearfix\">\n\t\t\t\t<p class=\"p1\"><strong><span class=\"s1\">Text: Kampen Classics<br \/>Fotografie: SMG Michael Reidiger<\/span><\/strong><\/p>\t\t\t\t\t<\/div>\n\t\t\t\t\t\t<\/div>\n\t\t\t\t<\/div>\n\t\t\t\t\t\t<\/div>\n\t\t\t\t\t<\/div>\n\t\t<\/div>\n\t\t\t\t\t\t\t\t<\/div>\n\t\t\t\t\t<\/div>\n\t\t<\/section>\n\t\t\t\t\t\t\t\t\t<\/div>\n\t\t\t<\/div>\n\t\t\t\t\t<\/div>\n\t\t","protected":false},"excerpt":{"rendered":"<p>Sylt im Zeichen von Oldtimern und Youngtimern Mit den Kampen Classics entsteht im Sommer 2026 eine neue, hochwertige Veranstaltung, die automobile Kultur, Stil und Begegnung auf besondere Weise verbindet. Vom&hellip;<\/p>\n","protected":false},"author":3,"featured_media":106135,"comment_status":"open","ping_status":"closed","sticky":false,"template":"","format":"standard","meta":{"_monsterinsights_skip_tracking":false,"_monsterinsights_sitenote_active":false,"_monsterinsights_sitenote_note":"","_monsterinsights_sitenote_category":0},"categories":[5660],"tags":[12687,12677,12689,12683,12685,12680,12678,12670,12681,12671,12679,12673,12688,12676,12672,12684,12686,12682,12675,12674],"powerkit_post_featured":[],"acf":[],"yoast_head":"<!-- This site is optimized with the Yoast SEO plugin v19.6.1 - https:\/\/yoast.com\/wordpress\/plugins\/seo\/ -->\n<title>Kampen Classics 2026 - POLO+10<\/title>\n<meta name=\"description\" content=\"Vom 18. bis 21. Juni 2026 wird Kampen erstmals zur B\u00fchne f\u00fcr klassische Automobile, ausgew\u00e4hlte Youngtimer\" \/>\n<meta name=\"robots\" content=\"index, follow, max-snippet:-1, max-image-preview:large, max-video-preview:-1\" \/>\n<link rel=\"canonical\" href=\"https:\/\/poloplus10.com\/de\/kampen-classics-2026\/\" \/>\n<meta property=\"og:locale\" content=\"de_DE\" \/>\n<meta property=\"og:type\" content=\"article\" \/>\n<meta property=\"og:title\" content=\"Kampen Classics 2026 - POLO+10\" \/>\n<meta property=\"og:description\" content=\"Vom 18. bis 21. Juni 2026 wird Kampen erstmals zur B\u00fchne f\u00fcr klassische Automobile, ausgew\u00e4hlte Youngtimer\" \/>\n<meta property=\"og:url\" content=\"https:\/\/poloplus10.com\/de\/kampen-classics-2026\/\" \/>\n<meta property=\"og:site_name\" content=\"POLO+10\" \/>\n<meta property=\"article:published_time\" content=\"2026-04-27T11:15:21+00:00\" \/>\n<meta property=\"article:modified_time\" content=\"2026-04-27T11:29:07+00:00\" \/>\n<meta property=\"og:image\" content=\"https:\/\/poloplus10.com\/wp-content\/uploads\/2026\/04\/Kampen-Classics-scaled.jpeg\" \/>\n\t<meta property=\"og:image:width\" content=\"2560\" \/>\n\t<meta property=\"og:image:height\" content=\"1704\" \/>\n\t<meta property=\"og:image:type\" content=\"image\/jpeg\" \/>\n<meta name=\"author\" content=\"simonsen\" \/>\n<meta name=\"twitter:card\" content=\"summary_large_image\" \/>\n<meta name=\"twitter:label1\" content=\"Verfasst von\" \/>\n\t<meta name=\"twitter:data1\" content=\"simonsen\" \/>\n\t<meta name=\"twitter:label2\" content=\"Gesch\u00e4tzte Lesezeit\" \/>\n\t<meta name=\"twitter:data2\" content=\"4\u00a0Minuten\" \/>\n<script type=\"application\/ld+json\" class=\"yoast-schema-graph\">{\"@context\":\"https:\/\/schema.org\",\"@graph\":[{\"@type\":\"Article\",\"@id\":\"https:\/\/poloplus10.com\/de\/kampen-classics-2026\/#article\",\"isPartOf\":{\"@id\":\"https:\/\/poloplus10.com\/de\/kampen-classics-2026\/\"},\"author\":{\"name\":\"simonsen\",\"@id\":\"https:\/\/poloplus10.com\/#\/schema\/person\/7643d2937c202352233fde606badc7df\"},\"headline\":\"Kampen Classics 2026\",\"datePublished\":\"2026-04-27T11:15:21+00:00\",\"dateModified\":\"2026-04-27T11:29:07+00:00\",\"mainEntityOfPage\":{\"@id\":\"https:\/\/poloplus10.com\/de\/kampen-classics-2026\/\"},\"wordCount\":699,\"commentCount\":0,\"publisher\":{\"@id\":\"https:\/\/poloplus10.com\/#organization\"},\"keywords\":[\"Aston Martin Hamburg\",\"Automotive Culture\",\"Car Culture Europe\",\"Car Enthusiasts\",\"Classic Car Community\",\"Classic Cars Germany\",\"Driving Experience Sylt\",\"Kampen Classics\",\"Kampen Events\",\"Kampen Sylt\",\"Luxury Car Event\",\"Oldtimer Treffen Sylt\",\"Parc Ferm\u00e9\",\"Str\u00f6nwai Kampen\",\"Sylt Events 2026\",\"Sylt Lifestyle\",\"Sylt Summer Events\",\"Vintage Cars\",\"Whisky Mile Kampen\",\"Youngtimer Event\"],\"articleSection\":[\"Polo News\"],\"inLanguage\":\"de\",\"potentialAction\":[{\"@type\":\"CommentAction\",\"name\":\"Comment\",\"target\":[\"https:\/\/poloplus10.com\/de\/kampen-classics-2026\/#respond\"]}]},{\"@type\":\"WebPage\",\"@id\":\"https:\/\/poloplus10.com\/de\/kampen-classics-2026\/\",\"url\":\"https:\/\/poloplus10.com\/de\/kampen-classics-2026\/\",\"name\":\"Kampen Classics 2026 - POLO+10\",\"isPartOf\":{\"@id\":\"https:\/\/poloplus10.com\/#website\"},\"datePublished\":\"2026-04-27T11:15:21+00:00\",\"dateModified\":\"2026-04-27T11:29:07+00:00\",\"description\":\"Vom 18. bis 21. Juni 2026 wird Kampen erstmals zur B\u00fchne f\u00fcr klassische Automobile, ausgew\u00e4hlte Youngtimer\",\"breadcrumb\":{\"@id\":\"https:\/\/poloplus10.com\/de\/kampen-classics-2026\/#breadcrumb\"},\"inLanguage\":\"de\",\"potentialAction\":[{\"@type\":\"ReadAction\",\"target\":[\"https:\/\/poloplus10.com\/de\/kampen-classics-2026\/\"]}]},{\"@type\":\"BreadcrumbList\",\"@id\":\"https:\/\/poloplus10.com\/de\/kampen-classics-2026\/#breadcrumb\",\"itemListElement\":[{\"@type\":\"ListItem\",\"position\":1,\"name\":\"Home\",\"item\":\"https:\/\/poloplus10.com\/\"},{\"@type\":\"ListItem\",\"position\":2,\"name\":\"Kampen Classics 2026\"}]},{\"@type\":\"WebSite\",\"@id\":\"https:\/\/poloplus10.com\/#website\",\"url\":\"https:\/\/poloplus10.com\/\",\"name\":\"POLO+10\",\"description\":\"The Polo Magazine\",\"publisher\":{\"@id\":\"https:\/\/poloplus10.com\/#organization\"},\"potentialAction\":[{\"@type\":\"SearchAction\",\"target\":{\"@type\":\"EntryPoint\",\"urlTemplate\":\"https:\/\/poloplus10.com\/?s={search_term_string}\"},\"query-input\":\"required name=search_term_string\"}],\"inLanguage\":\"de\"},{\"@type\":\"Organization\",\"@id\":\"https:\/\/poloplus10.com\/#organization\",\"name\":\"POLO+10 GmbH\",\"url\":\"https:\/\/poloplus10.com\/\",\"sameAs\":[],\"logo\":{\"@type\":\"ImageObject\",\"inLanguage\":\"de\",\"@id\":\"https:\/\/poloplus10.com\/#\/schema\/logo\/image\/\",\"url\":\"https:\/\/poloplus10.demo-on.de\/wp-content\/uploads\/2021\/07\/poloplus10_logo.png\",\"contentUrl\":\"https:\/\/poloplus10.demo-on.de\/wp-content\/uploads\/2021\/07\/poloplus10_logo.png\",\"width\":300,\"height\":64,\"caption\":\"POLO+10 GmbH\"},\"image\":{\"@id\":\"https:\/\/poloplus10.com\/#\/schema\/logo\/image\/\"}},{\"@type\":\"Person\",\"@id\":\"https:\/\/poloplus10.com\/#\/schema\/person\/7643d2937c202352233fde606badc7df\",\"name\":\"simonsen\",\"url\":\"https:\/\/poloplus10.com\/de\/author\/simonsen\/\"}]}<\/script>\n<!-- \/ Yoast SEO plugin. -->","yoast_head_json":{"title":"Kampen Classics 2026 - POLO+10","description":"Vom 18. bis 21. Juni 2026 wird Kampen erstmals zur B\u00fchne f\u00fcr klassische Automobile, ausgew\u00e4hlte Youngtimer","robots":{"index":"index","follow":"follow","max-snippet":"max-snippet:-1","max-image-preview":"max-image-preview:large","max-video-preview":"max-video-preview:-1"},"canonical":"https:\/\/poloplus10.com\/de\/kampen-classics-2026\/","og_locale":"de_DE","og_type":"article","og_title":"Kampen Classics 2026 - POLO+10","og_description":"Vom 18. bis 21. Juni 2026 wird Kampen erstmals zur B\u00fchne f\u00fcr klassische Automobile, ausgew\u00e4hlte Youngtimer","og_url":"https:\/\/poloplus10.com\/de\/kampen-classics-2026\/","og_site_name":"POLO+10","article_published_time":"2026-04-27T11:15:21+00:00","article_modified_time":"2026-04-27T11:29:07+00:00","og_image":[{"width":2560,"height":1704,"url":"https:\/\/poloplus10.com\/wp-content\/uploads\/2026\/04\/Kampen-Classics-scaled.jpeg","type":"image\/jpeg"}],"author":"simonsen","twitter_card":"summary_large_image","twitter_misc":{"Verfasst von":"simonsen","Gesch\u00e4tzte Lesezeit":"4\u00a0Minuten"},"schema":{"@context":"https:\/\/schema.org","@graph":[{"@type":"Article","@id":"https:\/\/poloplus10.com\/de\/kampen-classics-2026\/#article","isPartOf":{"@id":"https:\/\/poloplus10.com\/de\/kampen-classics-2026\/"},"author":{"name":"simonsen","@id":"https:\/\/poloplus10.com\/#\/schema\/person\/7643d2937c202352233fde606badc7df"},"headline":"Kampen Classics 2026","datePublished":"2026-04-27T11:15:21+00:00","dateModified":"2026-04-27T11:29:07+00:00","mainEntityOfPage":{"@id":"https:\/\/poloplus10.com\/de\/kampen-classics-2026\/"},"wordCount":699,"commentCount":0,"publisher":{"@id":"https:\/\/poloplus10.com\/#organization"},"keywords":["Aston Martin Hamburg","Automotive Culture","Car Culture Europe","Car Enthusiasts","Classic Car Community","Classic Cars Germany","Driving Experience Sylt","Kampen Classics","Kampen Events","Kampen Sylt","Luxury Car Event","Oldtimer Treffen Sylt","Parc Ferm\u00e9","Str\u00f6nwai Kampen","Sylt Events 2026","Sylt Lifestyle","Sylt Summer Events","Vintage Cars","Whisky Mile Kampen","Youngtimer Event"],"articleSection":["Polo News"],"inLanguage":"de","potentialAction":[{"@type":"CommentAction","name":"Comment","target":["https:\/\/poloplus10.com\/de\/kampen-classics-2026\/#respond"]}]},{"@type":"WebPage","@id":"https:\/\/poloplus10.com\/de\/kampen-classics-2026\/","url":"https:\/\/poloplus10.com\/de\/kampen-classics-2026\/","name":"Kampen Classics 2026 - POLO+10","isPartOf":{"@id":"https:\/\/poloplus10.com\/#website"},"datePublished":"2026-04-27T11:15:21+00:00","dateModified":"2026-04-27T11:29:07+00:00","description":"Vom 18. bis 21. Juni 2026 wird Kampen erstmals zur B\u00fchne f\u00fcr klassische Automobile, ausgew\u00e4hlte Youngtimer","breadcrumb":{"@id":"https:\/\/poloplus10.com\/de\/kampen-classics-2026\/#breadcrumb"},"inLanguage":"de","potentialAction":[{"@type":"ReadAction","target":["https:\/\/poloplus10.com\/de\/kampen-classics-2026\/"]}]},{"@type":"BreadcrumbList","@id":"https:\/\/poloplus10.com\/de\/kampen-classics-2026\/#breadcrumb","itemListElement":[{"@type":"ListItem","position":1,"name":"Home","item":"https:\/\/poloplus10.com\/"},{"@type":"ListItem","position":2,"name":"Kampen Classics 2026"}]},{"@type":"WebSite","@id":"https:\/\/poloplus10.com\/#website","url":"https:\/\/poloplus10.com\/","name":"POLO+10","description":"The Polo Magazine","publisher":{"@id":"https:\/\/poloplus10.com\/#organization"},"potentialAction":[{"@type":"SearchAction","target":{"@type":"EntryPoint","urlTemplate":"https:\/\/poloplus10.com\/?s={search_term_string}"},"query-input":"required name=search_term_string"}],"inLanguage":"de"},{"@type":"Organization","@id":"https:\/\/poloplus10.com\/#organization","name":"POLO+10 GmbH","url":"https:\/\/poloplus10.com\/","sameAs":[],"logo":{"@type":"ImageObject","inLanguage":"de","@id":"https:\/\/poloplus10.com\/#\/schema\/logo\/image\/","url":"https:\/\/poloplus10.demo-on.de\/wp-content\/uploads\/2021\/07\/poloplus10_logo.png","contentUrl":"https:\/\/poloplus10.demo-on.de\/wp-content\/uploads\/2021\/07\/poloplus10_logo.png","width":300,"height":64,"caption":"POLO+10 GmbH"},"image":{"@id":"https:\/\/poloplus10.com\/#\/schema\/logo\/image\/"}},{"@type":"Person","@id":"https:\/\/poloplus10.com\/#\/schema\/person\/7643d2937c202352233fde606badc7df","name":"simonsen","url":"https:\/\/poloplus10.com\/de\/author\/simonsen\/"}]}},"_links":{"self":[{"href":"https:\/\/poloplus10.com\/de\/wp-json\/wp\/v2\/posts\/106134"}],"collection":[{"href":"https:\/\/poloplus10.com\/de\/wp-json\/wp\/v2\/posts"}],"about":[{"href":"https:\/\/poloplus10.com\/de\/wp-json\/wp\/v2\/types\/post"}],"author":[{"embeddable":true,"href":"https:\/\/poloplus10.com\/de\/wp-json\/wp\/v2\/users\/3"}],"replies":[{"embeddable":true,"href":"https:\/\/poloplus10.com\/de\/wp-json\/wp\/v2\/comments?post=106134"}],"version-history":[{"count":5,"href":"https:\/\/poloplus10.com\/de\/wp-json\/wp\/v2\/posts\/106134\/revisions"}],"predecessor-version":[{"id":106148,"href":"https:\/\/poloplus10.com\/de\/wp-json\/wp\/v2\/posts\/106134\/revisions\/106148"}],"wp:featuredmedia":[{"embeddable":true,"href":"https:\/\/poloplus10.com\/de\/wp-json\/wp\/v2\/media\/106135"}],"wp:attachment":[{"href":"https:\/\/poloplus10.com\/de\/wp-json\/wp\/v2\/media?parent=106134"}],"wp:term":[{"taxonomy":"category","embeddable":true,"href":"https:\/\/poloplus10.com\/de\/wp-json\/wp\/v2\/categories?post=106134"},{"taxonomy":"post_tag","embeddable":true,"href":"https:\/\/poloplus10.com\/de\/wp-json\/wp\/v2\/tags?post=106134"},{"taxonomy":"powerkit_post_featured","embeddable":true,"href":"https:\/\/poloplus10.com\/de\/wp-json\/wp\/v2\/powerkit_post_featured?post=106134"}],"curies":[{"name":"wp","href":"https:\/\/api.w.org\/{rel}","templated":true}]}}