{"id":107434,"date":"2026-09-02T17:18:06","date_gmt":"2026-09-02T15:18:06","guid":{"rendered":"https:\/\/poloplus10.com\/the-meier-brothers-at-last-laplacette-sweeps-the-honours-in-gstaad\/"},"modified":"2026-09-02T17:24:39","modified_gmt":"2026-09-02T15:24:39","slug":"endlich-die-meier-brueder-laplacette-raeumt-in-gstaad-ab","status":"publish","type":"post","link":"https:\/\/poloplus10.com\/de\/endlich-die-meier-brueder-laplacette-raeumt-in-gstaad-ab\/","title":{"rendered":"Endlich die Meier-Br\u00fcder! Laplacette r\u00e4umt in Gstaad ab"},"content":{"rendered":"\t\t<div data-elementor-type=\"wp-post\" data-elementor-id=\"107434\" class=\"elementor elementor-107434 elementor-107426\">\n\t\t\t\t\t\t<div class=\"elementor-inner\">\n\t\t\t\t<div class=\"elementor-section-wrap\">\n\t\t\t\t\t\t\t\t\t<section class=\"elementor-section elementor-top-section elementor-element elementor-element-a43556d elementor-section-boxed elementor-section-height-default elementor-section-height-default\" data-id=\"a43556d\" data-element_type=\"section\">\n\t\t\t\t\t\t<div class=\"elementor-container elementor-column-gap-default\">\n\t\t\t\t\t\t\t<div class=\"elementor-row\">\n\t\t\t\t\t<div class=\"elementor-column elementor-col-100 elementor-top-column elementor-element elementor-element-264c5f2\" data-id=\"264c5f2\" data-element_type=\"column\">\n\t\t\t<div class=\"elementor-column-wrap elementor-element-populated\">\n\t\t\t\t\t\t\t<div class=\"elementor-widget-wrap\">\n\t\t\t\t\t\t<div class=\"elementor-element elementor-element-9ab809c elementor-widget elementor-widget-text-editor\" data-id=\"9ab809c\" data-element_type=\"widget\" data-widget_type=\"text-editor.default\">\n\t\t\t\t<div class=\"elementor-widget-container\">\n\t\t\t\t\t\t\t\t<div class=\"elementor-text-editor elementor-clearfix\">\n\t\t\t\t<p class=\"isSelectedEnd\"><strong>Vier Finalteilnahmen hat es gebraucht, bis die Meier-Br\u00fcder endlich die riesige Uhr, die Troph\u00e4e des Hublot Polo Gold Cup Gstaad, in die H\u00f6he stemmen konnten. Unter den Farben von Albinati Aeronautics besiegten die beiden Schweizer Kielder Agro Group mit 8:7 \u2013 am Ende eines Finales, das \u00fcber weite Strecken v\u00f6llig offenblieb. An ihrer Seite tat Adrian Laplacette weit mehr, als nur den Titel zu gewinnen: Bester Profispieler, erfolgreichster Torsch\u00fctze des Turniers und Reiter des Best Playing Pony \u2013 der Argentinier r\u00e4umte beinahe alles ab.<\/strong><\/p><h2 id=\"\">\u00a0<\/h2><h2 id=\"endlich\">Endlich!<\/h2><p class=\"isSelectedEnd\">So l\u00e4sst sich wohl am besten das Gef\u00fchl beschreiben, das die Meier-Br\u00fcder und Adrian Laplacette nach einem Finale teilten, das sinnbildlich f\u00fcr das gesamte Turnier stand: hart umk\u00e4mpft von Anfang bis Ende.<\/p><p class=\"isSelectedEnd\">Nachdem bereits die beiden Halbfinals am Samstag jeweils mit nur einem Tor Unterschied entschieden worden waren \u2013 eines davon sogar erst in der Verl\u00e4ngerung \u2013, war kaum vorstellbar, dass das Finale anders verlaufen w\u00fcrde. Und genau so kam es.<\/p><p class=\"isSelectedEnd\">Albinati Aeronautics und Kielder Agro Group lieferten sich \u00fcber weite Strecken ein Duell auf Augenh\u00f6he. Nach dem ersten Chukker stand es 2:2, zur Halbzeit 3:3. Keine der beiden Mannschaften konnte sich entscheidend absetzen. Erst gegen Ende des dritten Spielabschnitts gelang Albinati der Durchbruch und mit dem 6:4 erstmals eine etwas deutlichere F\u00fchrung.<\/p><p class=\"isSelectedEnd\">Doch Kielder hatte sich noch l\u00e4ngst nicht geschlagen gegeben. Angef\u00fchrt von einem \u00e4u\u00dferst aktiven Juan Pepa, der mit seinen weiten Schl\u00e4gen aus dem Mittelfeld die gegnerische Defensive immer wieder unter Druck setzte, k\u00e4mpfte sich der Golden-Goal-Sieger des Halbfinales im letzten Chukker noch einmal heran.<\/p><p class=\"isSelectedEnd\">Doch diesmal verteidigte das Team von Fabio und Luca Meier seinen Vorsprung. Bis zum Schlusspfiff rettete Albinati den knappen Vorsprung von einem Tor \u2013 und damit den Gold Cup: 8:7.<\/p><p class=\"isSelectedEnd\">Es war zugleich ein Sieg, der f\u00fcr Ausdauer und Beharrlichkeit belohnte. F\u00fcr Adrian Laplacette war es der dritte Auftritt in Gstaad. Bereits vor zwei Jahren hatte der Argentinier hier die bittere Erfahrung einer Finalniederlage gemacht. Die Meier-Br\u00fcder warteten sogar noch l\u00e4nger auf diese Troph\u00e4e.<\/p><blockquote><p class=\"isSelectedEnd\">\u201eIch wollte diesen Titel unbedingt gewinnen. F\u00fcr mich war es das dritte Mal hier, und vor zwei Jahren hatte ich bereits ein Finale verloren. Jetzt endlich zu gewinnen, ist unglaublich. Und die Jungs hatten schon vier Finals gespielt: Beim vierten Versuch haben sie es endlich geschafft! Das zeigt, dass man es immer weiter versuchen und weitermachen muss.\u201c<\/p><\/blockquote><p class=\"isSelectedEnd\">Eine Haltung, die an die ber\u00fchmte, Wilhelm von Oranien zugeschriebene Maxime erinnert: \u201eMan muss nicht hoffen, um etwas zu unternehmen, und nicht erfolgreich sein, um durchzuhalten.\u201c<\/p><p class=\"isSelectedEnd\">Dieses Mal wurde die Beharrlichkeit belohnt.<\/p><h2 id=\"-2\">\u00a0<\/h2><h2 id=\"endlich-der-gold-cup-und-fast-alles-andere-dazu\">Endlich der Gold Cup \u2026 und fast alles andere dazu<\/h2><p class=\"isSelectedEnd\">Und weil dies ganz offensichtlich der Tag von Adrian Laplacette war, kamen zum Mannschaftspokal noch zahlreiche individuelle Auszeichnungen hinzu.<\/p><p class=\"isSelectedEnd\">Der Argentinier wurde zum Best Professional Player des Turniers gew\u00e4hlt. Ombucito El Padrino, den Laplacette in der zweiten H\u00e4lfte des dritten Chukkers im Finale spielte, erhielt zudem die Auszeichnung als Best Playing Pony und damit als bestes Pferd des Endspiels.<\/p><p class=\"isSelectedEnd\">Mit insgesamt 17 Toren war Laplacette au\u00dferdem der erfolgreichste Torsch\u00fctze des Turniers \u2013 knapp vor Gonzalito Pieres mit 16 Treffern. Eine Statistik, die seinen enormen Einfluss w\u00e4hrend der gesamten Turnierwoche unterstreicht und seinem ersten Triumph in Gstaad zus\u00e4tzliche Bedeutung verleiht.<\/p><p class=\"isSelectedEnd\">Auch Juan Pepa ging auf der anderen Seite nicht leer aus. Der Kapit\u00e4n von Kielder Agro Group \u00fcberzeugte w\u00e4hrend des gesamten Turniers, insbesondere durch seine Defensivarbeit und seine langen Befreiungsschl\u00e4ge aus der Back-Position. Daf\u00fcr wurde er als Best Amateur Player ausgezeichnet.<\/p><h2 id=\"-3\">\u00a0<\/h2><h2 id=\"pieres-sichert-sich-platz-drei\">Pieres sichert sich Platz drei<\/h2><p class=\"isSelectedEnd\">Einige Stunden zuvor hatte Gonzalito Pieres seinen ersten Auftritt in Gstaad mit einem Sieg beendet.<\/p><p class=\"isSelectedEnd\">Nachdem er im Halbfinale am Samstag nach einem spektakul\u00e4ren 11:10-Duell denkbar knapp am sp\u00e4teren Turniersieger Albinati gescheitert war, f\u00fchrte der dreimalige Gewinner der Argentine Open Hublot mit einem 7:5-Sieg gegen Gstaad Palace auf den dritten Platz.<\/p><p class=\"isSelectedEnd\">Nach einem 1:2-R\u00fcckstand im ersten Chukker \u00fcbernahm Hublot nach und nach die Kontrolle. Das Team ging zun\u00e4chst mit 4:3 und anschlie\u00dfend mit 6:4 in F\u00fchrung und verteidigte seinen Zwei-Tore-Vorsprung bis zum Schlusspfiff.<\/p><p class=\"isSelectedEnd\">Erneut war Pieres die treibende Kraft seiner Mannschaft. F\u00fcnf der sieben Hublot-Tore gingen auf sein Konto, darunter ein verwandelter Penalty.<\/p><p>Damit wiederholte Hublot den Auftaktsieg gegen denselben Gegner und erm\u00f6glichte seinem argentinischen Star, Gstaad mit einem Podiumsplatz zu verlassen. Mit 16 Toren in drei Spielen wurde Gonza den hohen Erwartungen bei seinem ersten Auftritt im Saanenland mehr als gerecht.<\/p>\t\t\t\t\t<\/div>\n\t\t\t\t\t\t<\/div>\n\t\t\t\t<\/div>\n\t\t\t\t<div class=\"elementor-element elementor-element-2cfa5b0 elementor-widget elementor-widget-spacer\" data-id=\"2cfa5b0\" data-element_type=\"widget\" data-widget_type=\"spacer.default\">\n\t\t\t\t<div class=\"elementor-widget-container\">\n\t\t\t\t\t<div class=\"elementor-spacer\">\n\t\t\t<div class=\"elementor-spacer-inner\"><\/div>\n\t\t<\/div>\n\t\t\t\t<\/div>\n\t\t\t\t<\/div>\n\t\t\t\t<div class=\"elementor-element elementor-element-6fd201f elementor-widget-divider--view-line elementor-widget elementor-widget-divider\" data-id=\"6fd201f\" data-element_type=\"widget\" data-widget_type=\"divider.default\">\n\t\t\t\t<div class=\"elementor-widget-container\">\n\t\t\t\t\t<div class=\"elementor-divider\">\n\t\t\t<span class=\"elementor-divider-separator\">\n\t\t\t\t\t\t<\/span>\n\t\t<\/div>\n\t\t\t\t<\/div>\n\t\t\t\t<\/div>\n\t\t\t\t<div class=\"elementor-element elementor-element-7229094 elementor-widget elementor-widget-spacer\" data-id=\"7229094\" data-element_type=\"widget\" data-widget_type=\"spacer.default\">\n\t\t\t\t<div class=\"elementor-widget-container\">\n\t\t\t\t\t<div class=\"elementor-spacer\">\n\t\t\t<div class=\"elementor-spacer-inner\"><\/div>\n\t\t<\/div>\n\t\t\t\t<\/div>\n\t\t\t\t<\/div>\n\t\t\t\t<div class=\"elementor-element elementor-element-066c319 elementor-widget elementor-widget-text-editor\" data-id=\"066c319\" data-element_type=\"widget\" data-widget_type=\"text-editor.default\">\n\t\t\t\t<div class=\"elementor-widget-container\">\n\t\t\t\t\t\t\t\t<div class=\"elementor-text-editor elementor-clearfix\">\n\t\t\t\t<h2 id=\"statistiken\">Statistiken<\/h2><h3 id=\"-4\">\u00a0<\/h3><h3 id=\"spiel-um-platz-drei\">Spiel um Platz drei<\/h3><p class=\"isSelectedEnd\"><strong>Team Hublot:<\/strong><br \/>Rupert Knauf \u2013 GER, 0<br \/>Gonzalo Pieres \u2013 ARG, 7 (5 Tore, davon 1 Penalty)<br \/>Alfonso Nero \u2013 ARG, 1<br \/>Bautista Beguerie \u2013 ARG, 6 (2 Tore)<\/p><p class=\"isSelectedEnd\"><strong>Team Gstaad Palace:<\/strong><br \/>Markus Graeff \u2013 CH, 0<br \/>Thommy Graeff \u2013 CH, 3 (2 Tore)<br \/>Santiago Loza \u2013 ARG, 7 (3 Tore, davon 1 Penalty)<br \/>Facundo Kelly \u2013 ARG, 4 (2 Tore)<\/p><p class=\"isSelectedEnd\"><strong>Spielstand nach Chukkern \u2013 Team Hublot:<\/strong><br \/>1:2 \/ 4:3 \/ 6:4 \/ 7:5<\/p><h3 id=\"-5\">\u00a0<\/h3><h3 id=\"finale\">Finale<\/h3><p class=\"isSelectedEnd\"><strong>Team Albinati Aeronautics:<\/strong><br \/>Luca Meier \u2013 CH, 1 (1 Tor)<br \/>Fabio Meier \u2013 CH, 1 (1 Tor)<br \/>Adrian Laplacette \u2013 ARG, 6 (5 Tore, davon 2 Penalties)<br \/>Facundo Retamar \u2013 ARG, 6 (3 Tore)<\/p><p class=\"isSelectedEnd\"><strong>Team Kielder Agro Group:<\/strong><br \/>Juan Pepa \u2013 IT, 2 (1 Tor)<br \/>Antonio Manzano \u2013 ARG, 0<br \/>Manuel Fernandez Llorente \u2013 ARG, 6 (3 Tore)<br \/>Horacio Fernandez Llorente \u2013 ARG, 6 (3 Tore)<\/p><p class=\"isSelectedEnd\"><strong>Spielstand nach Chukkern \u2013 Albinati Aeronautics:<\/strong><br \/>2:2 \/ 3:3 \/ 6:4 \/ 8:7<\/p><p class=\"isSelectedEnd\"><strong>MVP Amateur:<\/strong> Juan Pepa<br \/><strong>MVP Professional:<\/strong> Adrian Laplacette<\/p><p><strong>Best Playing Pony:<\/strong> Ombucito El Padrino \u2013 brauner Wallach, geboren am 18. Oktober 2015, gez\u00fcchtet von El Ombucito S.A. \u2013 Vater: Final Meeting; Mutter: Ombucito Pasajera \u2013 gespielt von Adrian Laplacette in der zweiten H\u00e4lfte des dritten Chukkers.<\/p>\t\t\t\t\t<\/div>\n\t\t\t\t\t\t<\/div>\n\t\t\t\t<\/div>\n\t\t\t\t\t\t<\/div>\n\t\t\t\t\t<\/div>\n\t\t<\/div>\n\t\t\t\t\t\t\t\t<\/div>\n\t\t\t\t\t<\/div>\n\t\t<\/section>\n\t\t\t\t\t\t\t\t\t<\/div>\n\t\t\t<\/div>\n\t\t\t\t\t<\/div>\n\t\t","protected":false},"excerpt":{"rendered":"<p>Vier Finalteilnahmen hat es gebraucht, bis die Meier-Br\u00fcder endlich die riesige Uhr, die Troph\u00e4e des Hublot Polo Gold Cup Gstaad, in die H\u00f6he stemmen konnten. Unter den Farben von Albinati&hellip;<\/p>\n","protected":false},"author":3,"featured_media":107437,"comment_status":"open","ping_status":"closed","sticky":false,"template":"","format":"standard","meta":{"_monsterinsights_skip_tracking":false,"_monsterinsights_sitenote_active":false,"_monsterinsights_sitenote_note":"","_monsterinsights_sitenote_category":0},"categories":[10928,5660],"tags":[12906,12907,12908,12909,12450,12910,12911,12912,10886,12593,12913,11391,11281,12914,12915],"powerkit_post_featured":[],"acf":[],"yoast_head":"<!-- This site is optimized with the Yoast SEO plugin v19.6.1 - https:\/\/yoast.com\/wordpress\/plugins\/seo\/ -->\n<title>Endlich die Meier-Br\u00fcder! Laplacette r\u00e4umt in Gstaad ab - POLO+10<\/title>\n<meta name=\"description\" content=\"Vier Finalteilnahmen hat es gebraucht, bis die Meier-Br\u00fcder endlich die riesige Uhr, die Troph\u00e4e des Hublot Polo Gold Cup Gstaad,\" \/>\n<meta name=\"robots\" content=\"index, follow, max-snippet:-1, max-image-preview:large, max-video-preview:-1\" \/>\n<link rel=\"canonical\" href=\"https:\/\/poloplus10.com\/de\/endlich-die-meier-brueder-laplacette-raeumt-in-gstaad-ab\/\" \/>\n<meta property=\"og:locale\" content=\"de_DE\" \/>\n<meta property=\"og:type\" content=\"article\" \/>\n<meta property=\"og:title\" content=\"Endlich die Meier-Br\u00fcder! Laplacette r\u00e4umt in Gstaad ab - POLO+10\" \/>\n<meta property=\"og:description\" content=\"Vier Finalteilnahmen hat es gebraucht, bis die Meier-Br\u00fcder endlich die riesige Uhr, die Troph\u00e4e des Hublot Polo Gold Cup Gstaad,\" \/>\n<meta property=\"og:url\" content=\"https:\/\/poloplus10.com\/de\/endlich-die-meier-brueder-laplacette-raeumt-in-gstaad-ab\/\" \/>\n<meta property=\"og:site_name\" content=\"POLO+10\" \/>\n<meta property=\"article:published_time\" content=\"2026-09-02T15:18:06+00:00\" \/>\n<meta property=\"article:modified_time\" content=\"2026-09-02T15:24:39+00:00\" \/>\n<meta property=\"og:image\" content=\"https:\/\/poloplus10.com\/wp-content\/uploads\/2026\/09\/0018-Kathrin_Gralla-Gstaad_Day_4_0-1.jpeg\" \/>\n\t<meta property=\"og:image:width\" content=\"1280\" \/>\n\t<meta property=\"og:image:height\" content=\"853\" \/>\n\t<meta property=\"og:image:type\" content=\"image\/jpeg\" \/>\n<meta name=\"author\" content=\"simonsen\" \/>\n<meta name=\"twitter:card\" content=\"summary_large_image\" \/>\n<meta name=\"twitter:label1\" content=\"Verfasst von\" \/>\n\t<meta name=\"twitter:data1\" content=\"simonsen\" \/>\n\t<meta name=\"twitter:label2\" content=\"Gesch\u00e4tzte Lesezeit\" \/>\n\t<meta name=\"twitter:data2\" content=\"5\u00a0Minuten\" \/>\n<script type=\"application\/ld+json\" class=\"yoast-schema-graph\">{\"@context\":\"https:\/\/schema.org\",\"@graph\":[{\"@type\":\"Article\",\"@id\":\"https:\/\/poloplus10.com\/de\/endlich-die-meier-brueder-laplacette-raeumt-in-gstaad-ab\/#article\",\"isPartOf\":{\"@id\":\"https:\/\/poloplus10.com\/de\/endlich-die-meier-brueder-laplacette-raeumt-in-gstaad-ab\/\"},\"author\":{\"name\":\"simonsen\",\"@id\":\"https:\/\/poloplus10.com\/#\/schema\/person\/7643d2937c202352233fde606badc7df\"},\"headline\":\"Endlich die Meier-Br\u00fcder! Laplacette r\u00e4umt in Gstaad ab\",\"datePublished\":\"2026-09-02T15:18:06+00:00\",\"dateModified\":\"2026-09-02T15:24:39+00:00\",\"mainEntityOfPage\":{\"@id\":\"https:\/\/poloplus10.com\/de\/endlich-die-meier-brueder-laplacette-raeumt-in-gstaad-ab\/\"},\"wordCount\":885,\"commentCount\":0,\"publisher\":{\"@id\":\"https:\/\/poloplus10.com\/#organization\"},\"keywords\":[\"AdrianLaplacette\",\"AlbinatiAeronautics\",\"FabioMeier\",\"GonzaloPieres\",\"Gstaad\",\"HublotPoloGoldCup\",\"JuanPepa\",\"LucaMeier\",\"Polo\",\"polo10\",\"PoloGstaad\",\"Pololife\",\"poloplus10\",\"PoloWorld\",\"Swisspolo\"],\"articleSection\":[\"Instagram\",\"Polo News\"],\"inLanguage\":\"de\",\"potentialAction\":[{\"@type\":\"CommentAction\",\"name\":\"Comment\",\"target\":[\"https:\/\/poloplus10.com\/de\/endlich-die-meier-brueder-laplacette-raeumt-in-gstaad-ab\/#respond\"]}]},{\"@type\":\"WebPage\",\"@id\":\"https:\/\/poloplus10.com\/de\/endlich-die-meier-brueder-laplacette-raeumt-in-gstaad-ab\/\",\"url\":\"https:\/\/poloplus10.com\/de\/endlich-die-meier-brueder-laplacette-raeumt-in-gstaad-ab\/\",\"name\":\"Endlich die Meier-Br\u00fcder! Laplacette r\u00e4umt in Gstaad ab - POLO+10\",\"isPartOf\":{\"@id\":\"https:\/\/poloplus10.com\/#website\"},\"datePublished\":\"2026-09-02T15:18:06+00:00\",\"dateModified\":\"2026-09-02T15:24:39+00:00\",\"description\":\"Vier Finalteilnahmen hat es gebraucht, bis die Meier-Br\u00fcder endlich die riesige Uhr, die Troph\u00e4e des Hublot Polo Gold Cup Gstaad,\",\"breadcrumb\":{\"@id\":\"https:\/\/poloplus10.com\/de\/endlich-die-meier-brueder-laplacette-raeumt-in-gstaad-ab\/#breadcrumb\"},\"inLanguage\":\"de\",\"potentialAction\":[{\"@type\":\"ReadAction\",\"target\":[\"https:\/\/poloplus10.com\/de\/endlich-die-meier-brueder-laplacette-raeumt-in-gstaad-ab\/\"]}]},{\"@type\":\"BreadcrumbList\",\"@id\":\"https:\/\/poloplus10.com\/de\/endlich-die-meier-brueder-laplacette-raeumt-in-gstaad-ab\/#breadcrumb\",\"itemListElement\":[{\"@type\":\"ListItem\",\"position\":1,\"name\":\"Home\",\"item\":\"https:\/\/poloplus10.com\/\"},{\"@type\":\"ListItem\",\"position\":2,\"name\":\"Endlich die Meier-Br\u00fcder! Laplacette r\u00e4umt in Gstaad ab\"}]},{\"@type\":\"WebSite\",\"@id\":\"https:\/\/poloplus10.com\/#website\",\"url\":\"https:\/\/poloplus10.com\/\",\"name\":\"POLO+10\",\"description\":\"The Polo Magazine\",\"publisher\":{\"@id\":\"https:\/\/poloplus10.com\/#organization\"},\"potentialAction\":[{\"@type\":\"SearchAction\",\"target\":{\"@type\":\"EntryPoint\",\"urlTemplate\":\"https:\/\/poloplus10.com\/?s={search_term_string}\"},\"query-input\":\"required name=search_term_string\"}],\"inLanguage\":\"de\"},{\"@type\":\"Organization\",\"@id\":\"https:\/\/poloplus10.com\/#organization\",\"name\":\"POLO+10 GmbH\",\"url\":\"https:\/\/poloplus10.com\/\",\"sameAs\":[],\"logo\":{\"@type\":\"ImageObject\",\"inLanguage\":\"de\",\"@id\":\"https:\/\/poloplus10.com\/#\/schema\/logo\/image\/\",\"url\":\"https:\/\/poloplus10.demo-on.de\/wp-content\/uploads\/2021\/07\/poloplus10_logo.png\",\"contentUrl\":\"https:\/\/poloplus10.demo-on.de\/wp-content\/uploads\/2021\/07\/poloplus10_logo.png\",\"width\":300,\"height\":64,\"caption\":\"POLO+10 GmbH\"},\"image\":{\"@id\":\"https:\/\/poloplus10.com\/#\/schema\/logo\/image\/\"}},{\"@type\":\"Person\",\"@id\":\"https:\/\/poloplus10.com\/#\/schema\/person\/7643d2937c202352233fde606badc7df\",\"name\":\"simonsen\",\"url\":\"https:\/\/poloplus10.com\/de\/author\/simonsen\/\"}]}<\/script>\n<!-- \/ Yoast SEO plugin. -->","yoast_head_json":{"title":"Endlich die Meier-Br\u00fcder! Laplacette r\u00e4umt in Gstaad ab - POLO+10","description":"Vier Finalteilnahmen hat es gebraucht, bis die Meier-Br\u00fcder endlich die riesige Uhr, die Troph\u00e4e des Hublot Polo Gold Cup Gstaad,","robots":{"index":"index","follow":"follow","max-snippet":"max-snippet:-1","max-image-preview":"max-image-preview:large","max-video-preview":"max-video-preview:-1"},"canonical":"https:\/\/poloplus10.com\/de\/endlich-die-meier-brueder-laplacette-raeumt-in-gstaad-ab\/","og_locale":"de_DE","og_type":"article","og_title":"Endlich die Meier-Br\u00fcder! Laplacette r\u00e4umt in Gstaad ab - POLO+10","og_description":"Vier Finalteilnahmen hat es gebraucht, bis die Meier-Br\u00fcder endlich die riesige Uhr, die Troph\u00e4e des Hublot Polo Gold Cup Gstaad,","og_url":"https:\/\/poloplus10.com\/de\/endlich-die-meier-brueder-laplacette-raeumt-in-gstaad-ab\/","og_site_name":"POLO+10","article_published_time":"2026-09-02T15:18:06+00:00","article_modified_time":"2026-09-02T15:24:39+00:00","og_image":[{"width":1280,"height":853,"url":"https:\/\/poloplus10.com\/wp-content\/uploads\/2026\/09\/0018-Kathrin_Gralla-Gstaad_Day_4_0-1.jpeg","type":"image\/jpeg"}],"author":"simonsen","twitter_card":"summary_large_image","twitter_misc":{"Verfasst von":"simonsen","Gesch\u00e4tzte Lesezeit":"5\u00a0Minuten"},"schema":{"@context":"https:\/\/schema.org","@graph":[{"@type":"Article","@id":"https:\/\/poloplus10.com\/de\/endlich-die-meier-brueder-laplacette-raeumt-in-gstaad-ab\/#article","isPartOf":{"@id":"https:\/\/poloplus10.com\/de\/endlich-die-meier-brueder-laplacette-raeumt-in-gstaad-ab\/"},"author":{"name":"simonsen","@id":"https:\/\/poloplus10.com\/#\/schema\/person\/7643d2937c202352233fde606badc7df"},"headline":"Endlich die Meier-Br\u00fcder! Laplacette r\u00e4umt in Gstaad ab","datePublished":"2026-09-02T15:18:06+00:00","dateModified":"2026-09-02T15:24:39+00:00","mainEntityOfPage":{"@id":"https:\/\/poloplus10.com\/de\/endlich-die-meier-brueder-laplacette-raeumt-in-gstaad-ab\/"},"wordCount":885,"commentCount":0,"publisher":{"@id":"https:\/\/poloplus10.com\/#organization"},"keywords":["AdrianLaplacette","AlbinatiAeronautics","FabioMeier","GonzaloPieres","Gstaad","HublotPoloGoldCup","JuanPepa","LucaMeier","Polo","polo10","PoloGstaad","Pololife","poloplus10","PoloWorld","Swisspolo"],"articleSection":["Instagram","Polo News"],"inLanguage":"de","potentialAction":[{"@type":"CommentAction","name":"Comment","target":["https:\/\/poloplus10.com\/de\/endlich-die-meier-brueder-laplacette-raeumt-in-gstaad-ab\/#respond"]}]},{"@type":"WebPage","@id":"https:\/\/poloplus10.com\/de\/endlich-die-meier-brueder-laplacette-raeumt-in-gstaad-ab\/","url":"https:\/\/poloplus10.com\/de\/endlich-die-meier-brueder-laplacette-raeumt-in-gstaad-ab\/","name":"Endlich die Meier-Br\u00fcder! Laplacette r\u00e4umt in Gstaad ab - POLO+10","isPartOf":{"@id":"https:\/\/poloplus10.com\/#website"},"datePublished":"2026-09-02T15:18:06+00:00","dateModified":"2026-09-02T15:24:39+00:00","description":"Vier Finalteilnahmen hat es gebraucht, bis die Meier-Br\u00fcder endlich die riesige Uhr, die Troph\u00e4e des Hublot Polo Gold Cup Gstaad,","breadcrumb":{"@id":"https:\/\/poloplus10.com\/de\/endlich-die-meier-brueder-laplacette-raeumt-in-gstaad-ab\/#breadcrumb"},"inLanguage":"de","potentialAction":[{"@type":"ReadAction","target":["https:\/\/poloplus10.com\/de\/endlich-die-meier-brueder-laplacette-raeumt-in-gstaad-ab\/"]}]},{"@type":"BreadcrumbList","@id":"https:\/\/poloplus10.com\/de\/endlich-die-meier-brueder-laplacette-raeumt-in-gstaad-ab\/#breadcrumb","itemListElement":[{"@type":"ListItem","position":1,"name":"Home","item":"https:\/\/poloplus10.com\/"},{"@type":"ListItem","position":2,"name":"Endlich die Meier-Br\u00fcder! Laplacette r\u00e4umt in Gstaad ab"}]},{"@type":"WebSite","@id":"https:\/\/poloplus10.com\/#website","url":"https:\/\/poloplus10.com\/","name":"POLO+10","description":"The Polo Magazine","publisher":{"@id":"https:\/\/poloplus10.com\/#organization"},"potentialAction":[{"@type":"SearchAction","target":{"@type":"EntryPoint","urlTemplate":"https:\/\/poloplus10.com\/?s={search_term_string}"},"query-input":"required name=search_term_string"}],"inLanguage":"de"},{"@type":"Organization","@id":"https:\/\/poloplus10.com\/#organization","name":"POLO+10 GmbH","url":"https:\/\/poloplus10.com\/","sameAs":[],"logo":{"@type":"ImageObject","inLanguage":"de","@id":"https:\/\/poloplus10.com\/#\/schema\/logo\/image\/","url":"https:\/\/poloplus10.demo-on.de\/wp-content\/uploads\/2021\/07\/poloplus10_logo.png","contentUrl":"https:\/\/poloplus10.demo-on.de\/wp-content\/uploads\/2021\/07\/poloplus10_logo.png","width":300,"height":64,"caption":"POLO+10 GmbH"},"image":{"@id":"https:\/\/poloplus10.com\/#\/schema\/logo\/image\/"}},{"@type":"Person","@id":"https:\/\/poloplus10.com\/#\/schema\/person\/7643d2937c202352233fde606badc7df","name":"simonsen","url":"https:\/\/poloplus10.com\/de\/author\/simonsen\/"}]}},"_links":{"self":[{"href":"https:\/\/poloplus10.com\/de\/wp-json\/wp\/v2\/posts\/107434"}],"collection":[{"href":"https:\/\/poloplus10.com\/de\/wp-json\/wp\/v2\/posts"}],"about":[{"href":"https:\/\/poloplus10.com\/de\/wp-json\/wp\/v2\/types\/post"}],"author":[{"embeddable":true,"href":"https:\/\/poloplus10.com\/de\/wp-json\/wp\/v2\/users\/3"}],"replies":[{"embeddable":true,"href":"https:\/\/poloplus10.com\/de\/wp-json\/wp\/v2\/comments?post=107434"}],"version-history":[{"count":5,"href":"https:\/\/poloplus10.com\/de\/wp-json\/wp\/v2\/posts\/107434\/revisions"}],"predecessor-version":[{"id":107444,"href":"https:\/\/poloplus10.com\/de\/wp-json\/wp\/v2\/posts\/107434\/revisions\/107444"}],"wp:featuredmedia":[{"embeddable":true,"href":"https:\/\/poloplus10.com\/de\/wp-json\/wp\/v2\/media\/107437"}],"wp:attachment":[{"href":"https:\/\/poloplus10.com\/de\/wp-json\/wp\/v2\/media?parent=107434"}],"wp:term":[{"taxonomy":"category","embeddable":true,"href":"https:\/\/poloplus10.com\/de\/wp-json\/wp\/v2\/categories?post=107434"},{"taxonomy":"post_tag","embeddable":true,"href":"https:\/\/poloplus10.com\/de\/wp-json\/wp\/v2\/tags?post=107434"},{"taxonomy":"powerkit_post_featured","embeddable":true,"href":"https:\/\/poloplus10.com\/de\/wp-json\/wp\/v2\/powerkit_post_featured?post=107434"}],"curies":[{"name":"wp","href":"https:\/\/api.w.org\/{rel}","templated":true}]}}