{"id":61017,"date":"2018-02-13T13:04:16","date_gmt":"2018-02-13T12:04:16","guid":{"rendered":"https:\/\/poloplus10.com\/polo-team-azerbaijan-europameisterschaft-villaasesta\/"},"modified":"2021-10-14T17:43:10","modified_gmt":"2021-10-14T15:43:10","slug":"polo-team-azerbaijan-europameisterschaft-villaasesta-73792","status":"publish","type":"post","link":"https:\/\/poloplus10.com\/de\/polo-team-azerbaijan-europameisterschaft-villaasesta-73792\/","title":{"rendered":"Polo Team Azerbaijan bei der FIP EC in Villa a Sesta im September"},"content":{"rendered":"<p>Polo Team Azerbaijan bei der FIP EC in Villa a Sesta im September: Nach dem gro\u00dfen Erfolg des Polo Teams Azerbaijan \u201eLand of Fire\u201c beim Snow Polo World Cup in St. Moritz im Januar 2018, wird sich die azerische Nationalmannschaft nun auf ihre Teilnahme an der FIP Europameisterschaft in Vila a Sesta (Toskana\/Italien) im September konzentrieren.<\/p>\n<p>Zusammen haben ARAF und World Polo daher entschieden, alle Bem\u00fchungen und Mittel auf die erste Teilnahme des Teams an einer FIP Polo Europameisterschaft auf Rasen zu fokussieren. Deshalb wird es in diesem Jahr keinen Arena Polo World Cup in Baku geben.<\/p>\n<p>Die ARAF ist gerade mit dem Bau der beiden Full-Size Polopl\u00e4tze in Gabala\/Azerbaidschan besch\u00e4ftigt. Die St\u00e4lle f\u00fcr 500 Pferde und die komplette Infrastruktur der neuen Poloanlage sind bereits fertig f\u00fcr 2019. Das n\u00e4chste Poloturnier in Azerbaidschan wird der 1. Polo World Cup auf einem Full-Size Feld im September 2019 in Gabala sein. Die perfekte Vorbereitung f\u00fcr die 13. FIP Polo Europameisterschaft im September 2020, an der 8 Nationalmannschaften teilnehmen werden.<\/p>\n<p><a href=\"http:\/\/www.worldpolo.com\" target=\"_blank\" rel=\"noopener\">www.worldpolo.com<\/a><\/p>\n","protected":false},"excerpt":{"rendered":"<p>Polo Team Azerbaijan bei der FIP EC in Villa a Sesta im September: Nach dem gro\u00dfen Erfolg des Polo Teams Azerbaijan \u201eLand of Fire\u201c beim Snow Polo World Cup in&hellip;<\/p>\n","protected":false},"author":1,"featured_media":61018,"comment_status":"open","ping_status":"open","sticky":false,"template":"","format":"standard","meta":{"_monsterinsights_skip_tracking":false,"_monsterinsights_sitenote_active":false,"_monsterinsights_sitenote_note":"","_monsterinsights_sitenote_category":0},"categories":[5668,5660],"tags":[4435,4436,4437],"powerkit_post_featured":[],"acf":[],"yoast_head":"<!-- This site is optimized with the Yoast SEO plugin v19.6.1 - https:\/\/yoast.com\/wordpress\/plugins\/seo\/ -->\n<title>Polo Team Azerbaijan bei der FIP EC in Villa a Sesta im September - POLO+10<\/title>\n<meta name=\"robots\" content=\"index, follow, max-snippet:-1, max-image-preview:large, max-video-preview:-1\" \/>\n<link rel=\"canonical\" href=\"https:\/\/poloplus10.com\/de\/polo-team-azerbaijan-europameisterschaft-villaasesta-73792\/\" \/>\n<meta property=\"og:locale\" content=\"de_DE\" \/>\n<meta property=\"og:type\" content=\"article\" \/>\n<meta property=\"og:title\" content=\"Polo Team Azerbaijan bei der FIP EC in Villa a Sesta im September - POLO+10\" \/>\n<meta property=\"og:description\" content=\"Polo Team Azerbaijan bei der FIP EC in Villa a Sesta im September: Nach dem gro\u00dfen Erfolg des Polo Teams Azerbaijan \u201eLand of Fire\u201c beim Snow Polo World Cup in&hellip;\" \/>\n<meta property=\"og:url\" content=\"https:\/\/poloplus10.com\/de\/polo-team-azerbaijan-europameisterschaft-villaasesta-73792\/\" \/>\n<meta property=\"og:site_name\" content=\"POLO+10\" \/>\n<meta property=\"article:published_time\" content=\"2018-02-13T12:04:16+00:00\" \/>\n<meta property=\"article:modified_time\" content=\"2021-10-14T15:43:10+00:00\" \/>\n<meta property=\"og:image\" content=\"https:\/\/poloplus10.com\/wp-content\/uploads\/2021\/07\/arena-polo-baku-2.jpg\" \/>\n\t<meta property=\"og:image:width\" content=\"750\" \/>\n\t<meta property=\"og:image:height\" content=\"525\" \/>\n\t<meta property=\"og:image:type\" content=\"image\/jpeg\" \/>\n<meta name=\"author\" content=\"admin_COxlas9lKLM7iM0yVVlmjWaAIl\" \/>\n<meta name=\"twitter:card\" content=\"summary_large_image\" \/>\n<meta name=\"twitter:label1\" content=\"Verfasst von\" \/>\n\t<meta name=\"twitter:data1\" content=\"admin_COxlas9lKLM7iM0yVVlmjWaAIl\" \/>\n\t<meta name=\"twitter:label2\" content=\"Gesch\u00e4tzte Lesezeit\" \/>\n\t<meta name=\"twitter:data2\" content=\"1\u00a0Minute\" \/>\n<script type=\"application\/ld+json\" class=\"yoast-schema-graph\">{\"@context\":\"https:\/\/schema.org\",\"@graph\":[{\"@type\":\"Article\",\"@id\":\"https:\/\/poloplus10.com\/de\/polo-team-azerbaijan-europameisterschaft-villaasesta-73792\/#article\",\"isPartOf\":{\"@id\":\"https:\/\/poloplus10.com\/de\/polo-team-azerbaijan-europameisterschaft-villaasesta-73792\/\"},\"author\":{\"name\":\"admin_COxlas9lKLM7iM0yVVlmjWaAIl\",\"@id\":\"https:\/\/poloplus10.com\/#\/schema\/person\/bbff47dbc1c0219469f09817682071d1\"},\"headline\":\"Polo Team Azerbaijan bei der FIP EC in Villa a Sesta im September\",\"datePublished\":\"2018-02-13T12:04:16+00:00\",\"dateModified\":\"2021-10-14T15:43:10+00:00\",\"mainEntityOfPage\":{\"@id\":\"https:\/\/poloplus10.com\/de\/polo-team-azerbaijan-europameisterschaft-villaasesta-73792\/\"},\"wordCount\":186,\"commentCount\":0,\"publisher\":{\"@id\":\"https:\/\/poloplus10.com\/#organization\"},\"keywords\":[\"Arena Polo Cup\",\"Baku. Azerbaijan\",\"Polo Team Azerbaijan\"],\"articleSection\":[\"Europa\",\"Polo News\"],\"inLanguage\":\"de\",\"potentialAction\":[{\"@type\":\"CommentAction\",\"name\":\"Comment\",\"target\":[\"https:\/\/poloplus10.com\/de\/polo-team-azerbaijan-europameisterschaft-villaasesta-73792\/#respond\"]}]},{\"@type\":\"WebPage\",\"@id\":\"https:\/\/poloplus10.com\/de\/polo-team-azerbaijan-europameisterschaft-villaasesta-73792\/\",\"url\":\"https:\/\/poloplus10.com\/de\/polo-team-azerbaijan-europameisterschaft-villaasesta-73792\/\",\"name\":\"Polo Team Azerbaijan bei der FIP EC in Villa a Sesta im September - POLO+10\",\"isPartOf\":{\"@id\":\"https:\/\/poloplus10.com\/#website\"},\"datePublished\":\"2018-02-13T12:04:16+00:00\",\"dateModified\":\"2021-10-14T15:43:10+00:00\",\"breadcrumb\":{\"@id\":\"https:\/\/poloplus10.com\/de\/polo-team-azerbaijan-europameisterschaft-villaasesta-73792\/#breadcrumb\"},\"inLanguage\":\"de\",\"potentialAction\":[{\"@type\":\"ReadAction\",\"target\":[\"https:\/\/poloplus10.com\/de\/polo-team-azerbaijan-europameisterschaft-villaasesta-73792\/\"]}]},{\"@type\":\"BreadcrumbList\",\"@id\":\"https:\/\/poloplus10.com\/de\/polo-team-azerbaijan-europameisterschaft-villaasesta-73792\/#breadcrumb\",\"itemListElement\":[{\"@type\":\"ListItem\",\"position\":1,\"name\":\"Home\",\"item\":\"https:\/\/poloplus10.com\/\"},{\"@type\":\"ListItem\",\"position\":2,\"name\":\"Polo Team Azerbaijan bei der FIP EC in Villa a Sesta im September\"}]},{\"@type\":\"WebSite\",\"@id\":\"https:\/\/poloplus10.com\/#website\",\"url\":\"https:\/\/poloplus10.com\/\",\"name\":\"POLO+10\",\"description\":\"The Polo Magazine\",\"publisher\":{\"@id\":\"https:\/\/poloplus10.com\/#organization\"},\"potentialAction\":[{\"@type\":\"SearchAction\",\"target\":{\"@type\":\"EntryPoint\",\"urlTemplate\":\"https:\/\/poloplus10.com\/?s={search_term_string}\"},\"query-input\":\"required name=search_term_string\"}],\"inLanguage\":\"de\"},{\"@type\":\"Organization\",\"@id\":\"https:\/\/poloplus10.com\/#organization\",\"name\":\"POLO+10 GmbH\",\"url\":\"https:\/\/poloplus10.com\/\",\"sameAs\":[],\"logo\":{\"@type\":\"ImageObject\",\"inLanguage\":\"de\",\"@id\":\"https:\/\/poloplus10.com\/#\/schema\/logo\/image\/\",\"url\":\"https:\/\/poloplus10.demo-on.de\/wp-content\/uploads\/2021\/07\/poloplus10_logo.png\",\"contentUrl\":\"https:\/\/poloplus10.demo-on.de\/wp-content\/uploads\/2021\/07\/poloplus10_logo.png\",\"width\":300,\"height\":64,\"caption\":\"POLO+10 GmbH\"},\"image\":{\"@id\":\"https:\/\/poloplus10.com\/#\/schema\/logo\/image\/\"}},{\"@type\":\"Person\",\"@id\":\"https:\/\/poloplus10.com\/#\/schema\/person\/bbff47dbc1c0219469f09817682071d1\",\"name\":\"admin_COxlas9lKLM7iM0yVVlmjWaAIl\",\"sameAs\":[\"https:\/\/poloplus10.com\"],\"url\":\"https:\/\/poloplus10.com\/de\/author\/admin_coxlas9lklm7im0yvvlmjwaail\/\"}]}<\/script>\n<!-- \/ Yoast SEO plugin. -->","yoast_head_json":{"title":"Polo Team Azerbaijan bei der FIP EC in Villa a Sesta im September - POLO+10","robots":{"index":"index","follow":"follow","max-snippet":"max-snippet:-1","max-image-preview":"max-image-preview:large","max-video-preview":"max-video-preview:-1"},"canonical":"https:\/\/poloplus10.com\/de\/polo-team-azerbaijan-europameisterschaft-villaasesta-73792\/","og_locale":"de_DE","og_type":"article","og_title":"Polo Team Azerbaijan bei der FIP EC in Villa a Sesta im September - POLO+10","og_description":"Polo Team Azerbaijan bei der FIP EC in Villa a Sesta im September: Nach dem gro\u00dfen Erfolg des Polo Teams Azerbaijan \u201eLand of Fire\u201c beim Snow Polo World Cup in&hellip;","og_url":"https:\/\/poloplus10.com\/de\/polo-team-azerbaijan-europameisterschaft-villaasesta-73792\/","og_site_name":"POLO+10","article_published_time":"2018-02-13T12:04:16+00:00","article_modified_time":"2021-10-14T15:43:10+00:00","og_image":[{"width":750,"height":525,"url":"https:\/\/poloplus10.com\/wp-content\/uploads\/2021\/07\/arena-polo-baku-2.jpg","type":"image\/jpeg"}],"author":"admin_COxlas9lKLM7iM0yVVlmjWaAIl","twitter_card":"summary_large_image","twitter_misc":{"Verfasst von":"admin_COxlas9lKLM7iM0yVVlmjWaAIl","Gesch\u00e4tzte Lesezeit":"1\u00a0Minute"},"schema":{"@context":"https:\/\/schema.org","@graph":[{"@type":"Article","@id":"https:\/\/poloplus10.com\/de\/polo-team-azerbaijan-europameisterschaft-villaasesta-73792\/#article","isPartOf":{"@id":"https:\/\/poloplus10.com\/de\/polo-team-azerbaijan-europameisterschaft-villaasesta-73792\/"},"author":{"name":"admin_COxlas9lKLM7iM0yVVlmjWaAIl","@id":"https:\/\/poloplus10.com\/#\/schema\/person\/bbff47dbc1c0219469f09817682071d1"},"headline":"Polo Team Azerbaijan bei der FIP EC in Villa a Sesta im September","datePublished":"2018-02-13T12:04:16+00:00","dateModified":"2021-10-14T15:43:10+00:00","mainEntityOfPage":{"@id":"https:\/\/poloplus10.com\/de\/polo-team-azerbaijan-europameisterschaft-villaasesta-73792\/"},"wordCount":186,"commentCount":0,"publisher":{"@id":"https:\/\/poloplus10.com\/#organization"},"keywords":["Arena Polo Cup","Baku. Azerbaijan","Polo Team Azerbaijan"],"articleSection":["Europa","Polo News"],"inLanguage":"de","potentialAction":[{"@type":"CommentAction","name":"Comment","target":["https:\/\/poloplus10.com\/de\/polo-team-azerbaijan-europameisterschaft-villaasesta-73792\/#respond"]}]},{"@type":"WebPage","@id":"https:\/\/poloplus10.com\/de\/polo-team-azerbaijan-europameisterschaft-villaasesta-73792\/","url":"https:\/\/poloplus10.com\/de\/polo-team-azerbaijan-europameisterschaft-villaasesta-73792\/","name":"Polo Team Azerbaijan bei der FIP EC in Villa a Sesta im September - POLO+10","isPartOf":{"@id":"https:\/\/poloplus10.com\/#website"},"datePublished":"2018-02-13T12:04:16+00:00","dateModified":"2021-10-14T15:43:10+00:00","breadcrumb":{"@id":"https:\/\/poloplus10.com\/de\/polo-team-azerbaijan-europameisterschaft-villaasesta-73792\/#breadcrumb"},"inLanguage":"de","potentialAction":[{"@type":"ReadAction","target":["https:\/\/poloplus10.com\/de\/polo-team-azerbaijan-europameisterschaft-villaasesta-73792\/"]}]},{"@type":"BreadcrumbList","@id":"https:\/\/poloplus10.com\/de\/polo-team-azerbaijan-europameisterschaft-villaasesta-73792\/#breadcrumb","itemListElement":[{"@type":"ListItem","position":1,"name":"Home","item":"https:\/\/poloplus10.com\/"},{"@type":"ListItem","position":2,"name":"Polo Team Azerbaijan bei der FIP EC in Villa a Sesta im September"}]},{"@type":"WebSite","@id":"https:\/\/poloplus10.com\/#website","url":"https:\/\/poloplus10.com\/","name":"POLO+10","description":"The Polo Magazine","publisher":{"@id":"https:\/\/poloplus10.com\/#organization"},"potentialAction":[{"@type":"SearchAction","target":{"@type":"EntryPoint","urlTemplate":"https:\/\/poloplus10.com\/?s={search_term_string}"},"query-input":"required name=search_term_string"}],"inLanguage":"de"},{"@type":"Organization","@id":"https:\/\/poloplus10.com\/#organization","name":"POLO+10 GmbH","url":"https:\/\/poloplus10.com\/","sameAs":[],"logo":{"@type":"ImageObject","inLanguage":"de","@id":"https:\/\/poloplus10.com\/#\/schema\/logo\/image\/","url":"https:\/\/poloplus10.demo-on.de\/wp-content\/uploads\/2021\/07\/poloplus10_logo.png","contentUrl":"https:\/\/poloplus10.demo-on.de\/wp-content\/uploads\/2021\/07\/poloplus10_logo.png","width":300,"height":64,"caption":"POLO+10 GmbH"},"image":{"@id":"https:\/\/poloplus10.com\/#\/schema\/logo\/image\/"}},{"@type":"Person","@id":"https:\/\/poloplus10.com\/#\/schema\/person\/bbff47dbc1c0219469f09817682071d1","name":"admin_COxlas9lKLM7iM0yVVlmjWaAIl","sameAs":["https:\/\/poloplus10.com"],"url":"https:\/\/poloplus10.com\/de\/author\/admin_coxlas9lklm7im0yvvlmjwaail\/"}]}},"_links":{"self":[{"href":"https:\/\/poloplus10.com\/de\/wp-json\/wp\/v2\/posts\/61017"}],"collection":[{"href":"https:\/\/poloplus10.com\/de\/wp-json\/wp\/v2\/posts"}],"about":[{"href":"https:\/\/poloplus10.com\/de\/wp-json\/wp\/v2\/types\/post"}],"author":[{"embeddable":true,"href":"https:\/\/poloplus10.com\/de\/wp-json\/wp\/v2\/users\/1"}],"replies":[{"embeddable":true,"href":"https:\/\/poloplus10.com\/de\/wp-json\/wp\/v2\/comments?post=61017"}],"version-history":[{"count":1,"href":"https:\/\/poloplus10.com\/de\/wp-json\/wp\/v2\/posts\/61017\/revisions"}],"predecessor-version":[{"id":74662,"href":"https:\/\/poloplus10.com\/de\/wp-json\/wp\/v2\/posts\/61017\/revisions\/74662"}],"wp:featuredmedia":[{"embeddable":true,"href":"https:\/\/poloplus10.com\/de\/wp-json\/wp\/v2\/media\/61018"}],"wp:attachment":[{"href":"https:\/\/poloplus10.com\/de\/wp-json\/wp\/v2\/media?parent=61017"}],"wp:term":[{"taxonomy":"category","embeddable":true,"href":"https:\/\/poloplus10.com\/de\/wp-json\/wp\/v2\/categories?post=61017"},{"taxonomy":"post_tag","embeddable":true,"href":"https:\/\/poloplus10.com\/de\/wp-json\/wp\/v2\/tags?post=61017"},{"taxonomy":"powerkit_post_featured","embeddable":true,"href":"https:\/\/poloplus10.com\/de\/wp-json\/wp\/v2\/powerkit_post_featured?post=61017"}],"curies":[{"name":"wp","href":"https:\/\/api.w.org\/{rel}","templated":true}]}}