{"id":61025,"date":"2018-02-26T11:38:13","date_gmt":"2018-02-26T10:38:13","guid":{"rendered":"https:\/\/poloplus10.com\/20-jahre-polo-park-zuerich-magazin\/"},"modified":"2021-10-14T17:43:12","modified_gmt":"2021-10-14T15:43:12","slug":"20-jahre-polo-park-zuerich-magazin-73833","status":"publish","type":"post","link":"https:\/\/poloplus10.com\/de\/20-jahre-polo-park-zuerich-magazin-73833\/","title":{"rendered":"&#8220;20 Jahre Polo Park Z\u00fcrich&#8221; \u2013 Jubil\u00e4ums Magazin made by POLO+10"},"content":{"rendered":"<p>20 Jahre Polo Park Z\u00fcrich: POLO+10 hat die gro\u00dfe Ehre und freut sich, f\u00fcr die PPZ-Inhaber Morgan Van Overbroek und Sebasti\u00e9n Le Page das gro\u00dfe Jubil\u00e4ums-Magazin &#8220;20 Jahre Polo Park Z\u00fcrich&#8221; zu produzieren. R\u00fcckblick auf zwei Jahrzehnte internationale Polo-Action, Interviews mit gro\u00dfartigen Spielern, die hier im Laufe der Jahre gespielt haben, und Impressionen aus jeder Polo-Saison seit 1998 im Polo Park Z\u00fcrich. Das Jubil\u00e4ums-Magazin made by POLO+10 pr\u00e4sentiert die wichtigsten Polo-Pers\u00f6nlichkeiten der Schweiz, alle Polo-Aficionados und Fashionistas, die im Laufe der Jahre &#8220;auf dem Rasen\u201c gesehen wurden, die internationalen Polo-Profis, die hier spielten, sowie die Sponsoren des Clubs. Eine gro\u00dfe Jubil\u00e4ums-Polosaison steht vor der T\u00fcr und wir freuen uns auf ein unvergessliches Geburtstagsjahr 2018 im Polo Park Z\u00fcrich!<\/p>\n<p><a href=\"http:\/\/www.polopark.ch\" target=\"_blank\" rel=\"noopener\">www.polopark.ch<\/a><\/p>\n<p>&nbsp;<\/p>\n","protected":false},"excerpt":{"rendered":"<p>20 Jahre Polo Park Z\u00fcrich: POLO+10 hat die gro\u00dfe Ehre und freut sich, f\u00fcr die PPZ-Inhaber Morgan Van Overbroek und Sebasti\u00e9n Le Page das gro\u00dfe Jubil\u00e4ums-Magazin &#8220;20 Jahre Polo Park&hellip;<\/p>\n","protected":false},"author":1,"featured_media":61026,"comment_status":"open","ping_status":"open","sticky":false,"template":"","format":"standard","meta":{"_monsterinsights_skip_tracking":false,"_monsterinsights_sitenote_active":false,"_monsterinsights_sitenote_note":"","_monsterinsights_sitenote_category":0},"categories":[5642],"tags":[4439,4440,4441,4442,425,41,4443,4444],"powerkit_post_featured":[],"acf":[],"yoast_head":"<!-- This site is optimized with the Yoast SEO plugin v19.6.1 - https:\/\/yoast.com\/wordpress\/plugins\/seo\/ -->\n<title>&quot;20 Jahre Polo Park Z\u00fcrich&quot; \u2013 Jubil\u00e4ums Magazin made by POLO+10 - POLO+10<\/title>\n<meta name=\"robots\" content=\"index, follow, max-snippet:-1, max-image-preview:large, max-video-preview:-1\" \/>\n<link rel=\"canonical\" href=\"https:\/\/poloplus10.com\/de\/20-jahre-polo-park-zuerich-magazin-73833\/\" \/>\n<meta property=\"og:locale\" content=\"de_DE\" \/>\n<meta property=\"og:type\" content=\"article\" \/>\n<meta property=\"og:title\" content=\"&quot;20 Jahre Polo Park Z\u00fcrich&quot; \u2013 Jubil\u00e4ums Magazin made by POLO+10 - POLO+10\" \/>\n<meta property=\"og:description\" content=\"20 Jahre Polo Park Z\u00fcrich: POLO+10 hat die gro\u00dfe Ehre und freut sich, f\u00fcr die PPZ-Inhaber Morgan Van Overbroek und Sebasti\u00e9n Le Page das gro\u00dfe Jubil\u00e4ums-Magazin &#8220;20 Jahre Polo Park&hellip;\" \/>\n<meta property=\"og:url\" content=\"https:\/\/poloplus10.com\/de\/20-jahre-polo-park-zuerich-magazin-73833\/\" \/>\n<meta property=\"og:site_name\" content=\"POLO+10\" \/>\n<meta property=\"article:published_time\" content=\"2018-02-26T10:38:13+00:00\" \/>\n<meta property=\"article:modified_time\" content=\"2021-10-14T15:43:12+00:00\" \/>\n<meta property=\"og:image\" content=\"https:\/\/poloplus10.com\/wp-content\/uploads\/2021\/07\/20-years-polo-park-zurich-2.jpg\" \/>\n\t<meta property=\"og:image:width\" content=\"750\" \/>\n\t<meta property=\"og:image:height\" content=\"525\" \/>\n\t<meta property=\"og:image:type\" content=\"image\/jpeg\" \/>\n<meta name=\"author\" content=\"admin_COxlas9lKLM7iM0yVVlmjWaAIl\" \/>\n<meta name=\"twitter:card\" content=\"summary_large_image\" \/>\n<meta name=\"twitter:label1\" content=\"Verfasst von\" \/>\n\t<meta name=\"twitter:data1\" content=\"admin_COxlas9lKLM7iM0yVVlmjWaAIl\" \/>\n\t<meta name=\"twitter:label2\" content=\"Gesch\u00e4tzte Lesezeit\" \/>\n\t<meta name=\"twitter:data2\" content=\"1\u00a0Minute\" \/>\n<script type=\"application\/ld+json\" class=\"yoast-schema-graph\">{\"@context\":\"https:\/\/schema.org\",\"@graph\":[{\"@type\":\"Article\",\"@id\":\"https:\/\/poloplus10.com\/de\/20-jahre-polo-park-zuerich-magazin-73833\/#article\",\"isPartOf\":{\"@id\":\"https:\/\/poloplus10.com\/de\/20-jahre-polo-park-zuerich-magazin-73833\/\"},\"author\":{\"name\":\"admin_COxlas9lKLM7iM0yVVlmjWaAIl\",\"@id\":\"https:\/\/poloplus10.com\/#\/schema\/person\/bbff47dbc1c0219469f09817682071d1\"},\"headline\":\"&#8220;20 Jahre Polo Park Z\u00fcrich&#8221; \u2013 Jubil\u00e4ums Magazin made by POLO+10\",\"datePublished\":\"2018-02-26T10:38:13+00:00\",\"dateModified\":\"2021-10-14T15:43:12+00:00\",\"mainEntityOfPage\":{\"@id\":\"https:\/\/poloplus10.com\/de\/20-jahre-polo-park-zuerich-magazin-73833\/\"},\"wordCount\":146,\"commentCount\":0,\"publisher\":{\"@id\":\"https:\/\/poloplus10.com\/#organization\"},\"keywords\":[\"20 Jahre Polo Park Z\u00fcrich\",\"20 Years PPZ\",\"Geburtstag Polo Park Z\u00fcrich\",\"Jubilee-Magazine\",\"Polo Park Z\u00fcrich\",\"Polo+10\",\"PPZ\",\"PPZ Jubil\u00e4um\"],\"articleSection\":[\"In eigener Sache\"],\"inLanguage\":\"de\",\"potentialAction\":[{\"@type\":\"CommentAction\",\"name\":\"Comment\",\"target\":[\"https:\/\/poloplus10.com\/de\/20-jahre-polo-park-zuerich-magazin-73833\/#respond\"]}]},{\"@type\":\"WebPage\",\"@id\":\"https:\/\/poloplus10.com\/de\/20-jahre-polo-park-zuerich-magazin-73833\/\",\"url\":\"https:\/\/poloplus10.com\/de\/20-jahre-polo-park-zuerich-magazin-73833\/\",\"name\":\"\\\"20 Jahre Polo Park Z\u00fcrich\\\" \u2013 Jubil\u00e4ums Magazin made by POLO+10 - POLO+10\",\"isPartOf\":{\"@id\":\"https:\/\/poloplus10.com\/#website\"},\"datePublished\":\"2018-02-26T10:38:13+00:00\",\"dateModified\":\"2021-10-14T15:43:12+00:00\",\"breadcrumb\":{\"@id\":\"https:\/\/poloplus10.com\/de\/20-jahre-polo-park-zuerich-magazin-73833\/#breadcrumb\"},\"inLanguage\":\"de\",\"potentialAction\":[{\"@type\":\"ReadAction\",\"target\":[\"https:\/\/poloplus10.com\/de\/20-jahre-polo-park-zuerich-magazin-73833\/\"]}]},{\"@type\":\"BreadcrumbList\",\"@id\":\"https:\/\/poloplus10.com\/de\/20-jahre-polo-park-zuerich-magazin-73833\/#breadcrumb\",\"itemListElement\":[{\"@type\":\"ListItem\",\"position\":1,\"name\":\"Home\",\"item\":\"https:\/\/poloplus10.com\/\"},{\"@type\":\"ListItem\",\"position\":2,\"name\":\"&#8220;20 Jahre Polo Park Z\u00fcrich&#8221; \u2013 Jubil\u00e4ums Magazin made by POLO+10\"}]},{\"@type\":\"WebSite\",\"@id\":\"https:\/\/poloplus10.com\/#website\",\"url\":\"https:\/\/poloplus10.com\/\",\"name\":\"POLO+10\",\"description\":\"The Polo Magazine\",\"publisher\":{\"@id\":\"https:\/\/poloplus10.com\/#organization\"},\"potentialAction\":[{\"@type\":\"SearchAction\",\"target\":{\"@type\":\"EntryPoint\",\"urlTemplate\":\"https:\/\/poloplus10.com\/?s={search_term_string}\"},\"query-input\":\"required name=search_term_string\"}],\"inLanguage\":\"de\"},{\"@type\":\"Organization\",\"@id\":\"https:\/\/poloplus10.com\/#organization\",\"name\":\"POLO+10 GmbH\",\"url\":\"https:\/\/poloplus10.com\/\",\"sameAs\":[],\"logo\":{\"@type\":\"ImageObject\",\"inLanguage\":\"de\",\"@id\":\"https:\/\/poloplus10.com\/#\/schema\/logo\/image\/\",\"url\":\"https:\/\/poloplus10.demo-on.de\/wp-content\/uploads\/2021\/07\/poloplus10_logo.png\",\"contentUrl\":\"https:\/\/poloplus10.demo-on.de\/wp-content\/uploads\/2021\/07\/poloplus10_logo.png\",\"width\":300,\"height\":64,\"caption\":\"POLO+10 GmbH\"},\"image\":{\"@id\":\"https:\/\/poloplus10.com\/#\/schema\/logo\/image\/\"}},{\"@type\":\"Person\",\"@id\":\"https:\/\/poloplus10.com\/#\/schema\/person\/bbff47dbc1c0219469f09817682071d1\",\"name\":\"admin_COxlas9lKLM7iM0yVVlmjWaAIl\",\"sameAs\":[\"https:\/\/poloplus10.com\"],\"url\":\"https:\/\/poloplus10.com\/de\/author\/admin_coxlas9lklm7im0yvvlmjwaail\/\"}]}<\/script>\n<!-- \/ Yoast SEO plugin. -->","yoast_head_json":{"title":"\"20 Jahre Polo Park Z\u00fcrich\" \u2013 Jubil\u00e4ums Magazin made by POLO+10 - POLO+10","robots":{"index":"index","follow":"follow","max-snippet":"max-snippet:-1","max-image-preview":"max-image-preview:large","max-video-preview":"max-video-preview:-1"},"canonical":"https:\/\/poloplus10.com\/de\/20-jahre-polo-park-zuerich-magazin-73833\/","og_locale":"de_DE","og_type":"article","og_title":"\"20 Jahre Polo Park Z\u00fcrich\" \u2013 Jubil\u00e4ums Magazin made by POLO+10 - POLO+10","og_description":"20 Jahre Polo Park Z\u00fcrich: POLO+10 hat die gro\u00dfe Ehre und freut sich, f\u00fcr die PPZ-Inhaber Morgan Van Overbroek und Sebasti\u00e9n Le Page das gro\u00dfe Jubil\u00e4ums-Magazin &#8220;20 Jahre Polo Park&hellip;","og_url":"https:\/\/poloplus10.com\/de\/20-jahre-polo-park-zuerich-magazin-73833\/","og_site_name":"POLO+10","article_published_time":"2018-02-26T10:38:13+00:00","article_modified_time":"2021-10-14T15:43:12+00:00","og_image":[{"width":750,"height":525,"url":"https:\/\/poloplus10.com\/wp-content\/uploads\/2021\/07\/20-years-polo-park-zurich-2.jpg","type":"image\/jpeg"}],"author":"admin_COxlas9lKLM7iM0yVVlmjWaAIl","twitter_card":"summary_large_image","twitter_misc":{"Verfasst von":"admin_COxlas9lKLM7iM0yVVlmjWaAIl","Gesch\u00e4tzte Lesezeit":"1\u00a0Minute"},"schema":{"@context":"https:\/\/schema.org","@graph":[{"@type":"Article","@id":"https:\/\/poloplus10.com\/de\/20-jahre-polo-park-zuerich-magazin-73833\/#article","isPartOf":{"@id":"https:\/\/poloplus10.com\/de\/20-jahre-polo-park-zuerich-magazin-73833\/"},"author":{"name":"admin_COxlas9lKLM7iM0yVVlmjWaAIl","@id":"https:\/\/poloplus10.com\/#\/schema\/person\/bbff47dbc1c0219469f09817682071d1"},"headline":"&#8220;20 Jahre Polo Park Z\u00fcrich&#8221; \u2013 Jubil\u00e4ums Magazin made by POLO+10","datePublished":"2018-02-26T10:38:13+00:00","dateModified":"2021-10-14T15:43:12+00:00","mainEntityOfPage":{"@id":"https:\/\/poloplus10.com\/de\/20-jahre-polo-park-zuerich-magazin-73833\/"},"wordCount":146,"commentCount":0,"publisher":{"@id":"https:\/\/poloplus10.com\/#organization"},"keywords":["20 Jahre Polo Park Z\u00fcrich","20 Years PPZ","Geburtstag Polo Park Z\u00fcrich","Jubilee-Magazine","Polo Park Z\u00fcrich","Polo+10","PPZ","PPZ Jubil\u00e4um"],"articleSection":["In eigener Sache"],"inLanguage":"de","potentialAction":[{"@type":"CommentAction","name":"Comment","target":["https:\/\/poloplus10.com\/de\/20-jahre-polo-park-zuerich-magazin-73833\/#respond"]}]},{"@type":"WebPage","@id":"https:\/\/poloplus10.com\/de\/20-jahre-polo-park-zuerich-magazin-73833\/","url":"https:\/\/poloplus10.com\/de\/20-jahre-polo-park-zuerich-magazin-73833\/","name":"\"20 Jahre Polo Park Z\u00fcrich\" \u2013 Jubil\u00e4ums Magazin made by POLO+10 - POLO+10","isPartOf":{"@id":"https:\/\/poloplus10.com\/#website"},"datePublished":"2018-02-26T10:38:13+00:00","dateModified":"2021-10-14T15:43:12+00:00","breadcrumb":{"@id":"https:\/\/poloplus10.com\/de\/20-jahre-polo-park-zuerich-magazin-73833\/#breadcrumb"},"inLanguage":"de","potentialAction":[{"@type":"ReadAction","target":["https:\/\/poloplus10.com\/de\/20-jahre-polo-park-zuerich-magazin-73833\/"]}]},{"@type":"BreadcrumbList","@id":"https:\/\/poloplus10.com\/de\/20-jahre-polo-park-zuerich-magazin-73833\/#breadcrumb","itemListElement":[{"@type":"ListItem","position":1,"name":"Home","item":"https:\/\/poloplus10.com\/"},{"@type":"ListItem","position":2,"name":"&#8220;20 Jahre Polo Park Z\u00fcrich&#8221; \u2013 Jubil\u00e4ums Magazin made by POLO+10"}]},{"@type":"WebSite","@id":"https:\/\/poloplus10.com\/#website","url":"https:\/\/poloplus10.com\/","name":"POLO+10","description":"The Polo Magazine","publisher":{"@id":"https:\/\/poloplus10.com\/#organization"},"potentialAction":[{"@type":"SearchAction","target":{"@type":"EntryPoint","urlTemplate":"https:\/\/poloplus10.com\/?s={search_term_string}"},"query-input":"required name=search_term_string"}],"inLanguage":"de"},{"@type":"Organization","@id":"https:\/\/poloplus10.com\/#organization","name":"POLO+10 GmbH","url":"https:\/\/poloplus10.com\/","sameAs":[],"logo":{"@type":"ImageObject","inLanguage":"de","@id":"https:\/\/poloplus10.com\/#\/schema\/logo\/image\/","url":"https:\/\/poloplus10.demo-on.de\/wp-content\/uploads\/2021\/07\/poloplus10_logo.png","contentUrl":"https:\/\/poloplus10.demo-on.de\/wp-content\/uploads\/2021\/07\/poloplus10_logo.png","width":300,"height":64,"caption":"POLO+10 GmbH"},"image":{"@id":"https:\/\/poloplus10.com\/#\/schema\/logo\/image\/"}},{"@type":"Person","@id":"https:\/\/poloplus10.com\/#\/schema\/person\/bbff47dbc1c0219469f09817682071d1","name":"admin_COxlas9lKLM7iM0yVVlmjWaAIl","sameAs":["https:\/\/poloplus10.com"],"url":"https:\/\/poloplus10.com\/de\/author\/admin_coxlas9lklm7im0yvvlmjwaail\/"}]}},"_links":{"self":[{"href":"https:\/\/poloplus10.com\/de\/wp-json\/wp\/v2\/posts\/61025"}],"collection":[{"href":"https:\/\/poloplus10.com\/de\/wp-json\/wp\/v2\/posts"}],"about":[{"href":"https:\/\/poloplus10.com\/de\/wp-json\/wp\/v2\/types\/post"}],"author":[{"embeddable":true,"href":"https:\/\/poloplus10.com\/de\/wp-json\/wp\/v2\/users\/1"}],"replies":[{"embeddable":true,"href":"https:\/\/poloplus10.com\/de\/wp-json\/wp\/v2\/comments?post=61025"}],"version-history":[{"count":1,"href":"https:\/\/poloplus10.com\/de\/wp-json\/wp\/v2\/posts\/61025\/revisions"}],"predecessor-version":[{"id":74664,"href":"https:\/\/poloplus10.com\/de\/wp-json\/wp\/v2\/posts\/61025\/revisions\/74664"}],"wp:featuredmedia":[{"embeddable":true,"href":"https:\/\/poloplus10.com\/de\/wp-json\/wp\/v2\/media\/61026"}],"wp:attachment":[{"href":"https:\/\/poloplus10.com\/de\/wp-json\/wp\/v2\/media?parent=61025"}],"wp:term":[{"taxonomy":"category","embeddable":true,"href":"https:\/\/poloplus10.com\/de\/wp-json\/wp\/v2\/categories?post=61025"},{"taxonomy":"post_tag","embeddable":true,"href":"https:\/\/poloplus10.com\/de\/wp-json\/wp\/v2\/tags?post=61025"},{"taxonomy":"powerkit_post_featured","embeddable":true,"href":"https:\/\/poloplus10.com\/de\/wp-json\/wp\/v2\/powerkit_post_featured?post=61025"}],"curies":[{"name":"wp","href":"https:\/\/api.w.org\/{rel}","templated":true}]}}