{"id":61144,"date":"2018-09-10T08:24:42","date_gmt":"2018-09-10T06:24:42","guid":{"rendered":"https:\/\/poloplus10.com\/jaeger-lecoultre-reverso-wiesn-edition\/"},"modified":"2021-10-14T17:43:27","modified_gmt":"2021-10-14T15:43:27","slug":"jaeger-lecoultre-reverso-wiesn-edition-74627","status":"publish","type":"post","link":"https:\/\/poloplus10.com\/de\/jaeger-lecoultre-reverso-wiesn-edition-74627\/","title":{"rendered":"Jaeger-LeCoultre \u201eWiesn Edition\u201c zugunsten der Regine Sixt Kinderhilfe Stiftung"},"content":{"rendered":"<p><b>Die Jaeger-LeCoultre Reverso \u201eWiesn Edition\u201c<span class=\"Apple-converted-space\">&nbsp;<\/span><\/b><b>zu Gunsten der<span class=\"Apple-converted-space\">&nbsp;<\/span><\/b><b>Regine Sixt Kinderhilfe Stiftung \u201eTr\u00e4nchen Trocknen\u201c.<span class=\"Apple-converted-space\">&nbsp;<\/span><\/b><\/p>\n<p>Das Oktoberfest steht vor der T\u00fcr und bald hei\u00dft es wieder: \u201eO\u2019zapft is!\u201c. Die traditionelle Regine Sixt Damenwiesn wird in diesem Jahr am 24. September, dem ersten Wiesn-Montag, im Sch\u00fctzen-Festzelt stattfinden. Bei dieser Veranstaltung feiern \u00fcber 1.000 Damen aus aller Welt. Ranghafte Entscheiderinnen aus Wirtschaft, Politik und Kultur kommen hier f\u00fcr einen guten Zweck zusammen.<span class=\"Apple-converted-space\">&nbsp;<\/span><\/p>\n<p>Die Manufaktur Jaeger-LeCoultre freut sich sehr, als Partner der Regine Sixt Damenwiesn die Initiative \u201eTr\u00e4nchen Trocknen\u201c der Regine Sixt Kinderhilfe Stiftung mit einer Charity Auktion zu unterst\u00fctzen. \u201eTr\u00e4nchen Trocknen\u201c engagiert sich f\u00fcr die Schw\u00e4chsten in der Gesellschaft: Sie hilft Kindern, um deren Schicksal zum Guten zu wenden \u2013 in den Bereichen Gesundheit, Bildung, F\u00fcrsorge und Nothilfe.<span class=\"Apple-converted-space\">&nbsp;<\/span><\/p>\n<p>Anl\u00e4sslich der Regine Sixt Damenwiesn 2018 stellt Jaeger-LeCoultre eine Reverso Classic Medium Duetto f\u00fcr den guten Zweck zur Verf\u00fcgung. Die Uhren-Ikone kann bis zum 21. September 2018, 21 Uhr, \u00fcber die Internetplattform United Charity ersteigert werden kann. Der Erl\u00f6s der Auktion kommt zu 100% der Initiative \u201eTr\u00e4nchen Trocknen\u201c zugute.<span class=\"Apple-converted-space\">&nbsp;<\/span><\/p>\n<p><b>JEDER KANN AN DER AUKTION TEILNEHMEN UND DAMIT DEN KINDERN EIN L\u00c4CHELN SCHENKEN!<span class=\"Apple-converted-space\">&nbsp;<\/span><\/b><\/p>\n<p><b>HIER GEHT ES ZUR AUKTION:<span class=\"Apple-converted-space\">&nbsp;<\/span><\/b><\/p>\n<p><b>https:\/\/www.unitedcharity.de\/Auktionen\/Jaeger-LeCoultre-Reverso<span class=\"Apple-converted-space\">&nbsp;<\/span><\/b><\/p>\n<p>Die oder der Meistbietende sichert sich gleichzeitig die einmalige <b>\u201eWiesn Edition\u201c <\/b>der <b>Jaeger-LeCoultre Reverso<\/b>, die als besonderes Highlight zum Oktoberfest mit einem Trachten-Band &#8211; zus\u00e4tzlich zum klassischen blauen Alligator-Lederband &#8211; ausgestattet ist. Das Velourslederband in Grau mit einer blauen Kontrastnaht ist die perfekte Erg\u00e4nzung f\u00fcr jeden Wiesn-Look.<span class=\"Apple-converted-space\">&nbsp;<\/span><\/p>\n<p>Bereits 1931 ging die Reverso in die Geschichtsb\u00fccher ein und ist heute eine wahre Ikone der Hohen Uhrmacherkunst. Mit einer einfachen, intuitiven Handbewegung l\u00e4sst sich das Geh\u00e4use wenden und offenbart, was man nicht erwartet: Die R\u00fcckseite bietet Fl\u00e4che f\u00fcr eine individuelle Gravur, eine Miniaturmalerei, einen Edelsteinbesatz, oder \u2013 wie bei der Jaeger-LeCoultre Reverso \u201eWiesn Edition\u201c \u2013 ein zweites elegantes Zifferblatt der Duetto-Modelle.<span class=\"Apple-converted-space\">&nbsp;<\/span><\/p>\n<p><b>Die Manufaktur Jaeger-LeCoultre<span class=\"Apple-converted-space\">&nbsp;<\/span><\/b><\/p>\n<p>Seit ihrer Gr\u00fcndung im Jahr 1833 spielt die Manufaktur im Bereich der Hohen Uhrmacherkunst eine herausragende Rolle. Die 1.249 entwickelten mechanischen Kaliber und 413 angemeldeten Patente zeugen von der kreativen Leidenschaft und den Talenten der Mitarbeiterinnen und Mitarbeiter der Grande Maison. In ihrer 185-j\u00e4hrigen Geschichte hat die Manufaktur uhrmacherische Legenden hervorgebracht. Zu diesen z\u00e4hlen unter anderem die Tischuhr Atmos aus dem Jahr 1928, die Memovox als erster Armbanduhren-Wecker aus dem Jahr 1950 und insbesondere die Reverso von 1931 als Ikone des Art-D\u00e9co.<span class=\"Apple-converted-space\">&nbsp;<\/span><\/p>\n<p><strong><a href=\"http:\/\/www.jaeger-lecoultre.com\" target=\"_blank\" rel=\"noopener\">www.jaeger-lecoultre.com<\/a><span class=\"Apple-converted-space\">&nbsp;<\/span><\/strong><\/p>\n","protected":false},"excerpt":{"rendered":"<p>Die Jaeger-LeCoultre Reverso \u201eWiesn Edition\u201c&nbsp;zu Gunsten der&nbsp;Regine Sixt Kinderhilfe Stiftung \u201eTr\u00e4nchen Trocknen\u201c.&nbsp; Das Oktoberfest steht vor der T\u00fcr und bald hei\u00dft es wieder: \u201eO\u2019zapft is!\u201c. Die traditionelle Regine Sixt Damenwiesn&hellip;<\/p>\n","protected":false},"author":1,"featured_media":61145,"comment_status":"open","ping_status":"open","sticky":false,"template":"","format":"standard","meta":{"_monsterinsights_skip_tracking":false,"_monsterinsights_sitenote_active":false,"_monsterinsights_sitenote_note":"","_monsterinsights_sitenote_category":0},"categories":[5646,29],"tags":[834,9598,9599,2178],"powerkit_post_featured":[],"acf":[],"yoast_head":"<!-- This site is optimized with the Yoast SEO plugin v19.6.1 - https:\/\/yoast.com\/wordpress\/plugins\/seo\/ -->\n<title>Jaeger-LeCoultre \u201eWiesn Edition\u201c zugunsten der Regine Sixt Kinderhilfe Stiftung - POLO+10<\/title>\n<meta name=\"robots\" content=\"index, follow, max-snippet:-1, max-image-preview:large, max-video-preview:-1\" \/>\n<link rel=\"canonical\" href=\"https:\/\/poloplus10.com\/de\/jaeger-lecoultre-reverso-wiesn-edition-74627\/\" \/>\n<meta property=\"og:locale\" content=\"de_DE\" \/>\n<meta property=\"og:type\" content=\"article\" \/>\n<meta property=\"og:title\" content=\"Jaeger-LeCoultre \u201eWiesn Edition\u201c zugunsten der Regine Sixt Kinderhilfe Stiftung - POLO+10\" \/>\n<meta property=\"og:description\" content=\"Die Jaeger-LeCoultre Reverso \u201eWiesn Edition\u201c&nbsp;zu Gunsten der&nbsp;Regine Sixt Kinderhilfe Stiftung \u201eTr\u00e4nchen Trocknen\u201c.&nbsp; Das Oktoberfest steht vor der T\u00fcr und bald hei\u00dft es wieder: \u201eO\u2019zapft is!\u201c. Die traditionelle Regine Sixt Damenwiesn&hellip;\" \/>\n<meta property=\"og:url\" content=\"https:\/\/poloplus10.com\/de\/jaeger-lecoultre-reverso-wiesn-edition-74627\/\" \/>\n<meta property=\"og:site_name\" content=\"POLO+10\" \/>\n<meta property=\"article:published_time\" content=\"2018-09-10T06:24:42+00:00\" \/>\n<meta property=\"article:modified_time\" content=\"2021-10-14T15:43:27+00:00\" \/>\n<meta property=\"og:image\" content=\"https:\/\/poloplus10.com\/wp-content\/uploads\/2021\/07\/wiesn-jaegerlecoultre.jpg\" \/>\n\t<meta property=\"og:image:width\" content=\"750\" \/>\n\t<meta property=\"og:image:height\" content=\"525\" \/>\n\t<meta property=\"og:image:type\" content=\"image\/jpeg\" \/>\n<meta name=\"author\" content=\"admin_COxlas9lKLM7iM0yVVlmjWaAIl\" \/>\n<meta name=\"twitter:card\" content=\"summary_large_image\" \/>\n<meta name=\"twitter:label1\" content=\"Verfasst von\" \/>\n\t<meta name=\"twitter:data1\" content=\"admin_COxlas9lKLM7iM0yVVlmjWaAIl\" \/>\n\t<meta name=\"twitter:label2\" content=\"Gesch\u00e4tzte Lesezeit\" \/>\n\t<meta name=\"twitter:data2\" content=\"2\u00a0Minuten\" \/>\n<script type=\"application\/ld+json\" class=\"yoast-schema-graph\">{\"@context\":\"https:\/\/schema.org\",\"@graph\":[{\"@type\":\"Article\",\"@id\":\"https:\/\/poloplus10.com\/de\/jaeger-lecoultre-reverso-wiesn-edition-74627\/#article\",\"isPartOf\":{\"@id\":\"https:\/\/poloplus10.com\/de\/jaeger-lecoultre-reverso-wiesn-edition-74627\/\"},\"author\":{\"name\":\"admin_COxlas9lKLM7iM0yVVlmjWaAIl\",\"@id\":\"https:\/\/poloplus10.com\/#\/schema\/person\/bbff47dbc1c0219469f09817682071d1\"},\"headline\":\"Jaeger-LeCoultre \u201eWiesn Edition\u201c zugunsten der Regine Sixt Kinderhilfe Stiftung\",\"datePublished\":\"2018-09-10T06:24:42+00:00\",\"dateModified\":\"2021-10-14T15:43:27+00:00\",\"mainEntityOfPage\":{\"@id\":\"https:\/\/poloplus10.com\/de\/jaeger-lecoultre-reverso-wiesn-edition-74627\/\"},\"wordCount\":432,\"commentCount\":0,\"publisher\":{\"@id\":\"https:\/\/poloplus10.com\/#organization\"},\"keywords\":[\"Jaeger-LeCoultre\",\"Kinderhilfe Stiftung\",\"Regine Sixt\",\"Reverso\"],\"articleSection\":[\"Lifestyle\",\"Newsletter [DE]\"],\"inLanguage\":\"de\",\"potentialAction\":[{\"@type\":\"CommentAction\",\"name\":\"Comment\",\"target\":[\"https:\/\/poloplus10.com\/de\/jaeger-lecoultre-reverso-wiesn-edition-74627\/#respond\"]}]},{\"@type\":\"WebPage\",\"@id\":\"https:\/\/poloplus10.com\/de\/jaeger-lecoultre-reverso-wiesn-edition-74627\/\",\"url\":\"https:\/\/poloplus10.com\/de\/jaeger-lecoultre-reverso-wiesn-edition-74627\/\",\"name\":\"Jaeger-LeCoultre \u201eWiesn Edition\u201c zugunsten der Regine Sixt Kinderhilfe Stiftung - POLO+10\",\"isPartOf\":{\"@id\":\"https:\/\/poloplus10.com\/#website\"},\"datePublished\":\"2018-09-10T06:24:42+00:00\",\"dateModified\":\"2021-10-14T15:43:27+00:00\",\"breadcrumb\":{\"@id\":\"https:\/\/poloplus10.com\/de\/jaeger-lecoultre-reverso-wiesn-edition-74627\/#breadcrumb\"},\"inLanguage\":\"de\",\"potentialAction\":[{\"@type\":\"ReadAction\",\"target\":[\"https:\/\/poloplus10.com\/de\/jaeger-lecoultre-reverso-wiesn-edition-74627\/\"]}]},{\"@type\":\"BreadcrumbList\",\"@id\":\"https:\/\/poloplus10.com\/de\/jaeger-lecoultre-reverso-wiesn-edition-74627\/#breadcrumb\",\"itemListElement\":[{\"@type\":\"ListItem\",\"position\":1,\"name\":\"Home\",\"item\":\"https:\/\/poloplus10.com\/\"},{\"@type\":\"ListItem\",\"position\":2,\"name\":\"Jaeger-LeCoultre \u201eWiesn Edition\u201c zugunsten der Regine Sixt Kinderhilfe Stiftung\"}]},{\"@type\":\"WebSite\",\"@id\":\"https:\/\/poloplus10.com\/#website\",\"url\":\"https:\/\/poloplus10.com\/\",\"name\":\"POLO+10\",\"description\":\"The Polo Magazine\",\"publisher\":{\"@id\":\"https:\/\/poloplus10.com\/#organization\"},\"potentialAction\":[{\"@type\":\"SearchAction\",\"target\":{\"@type\":\"EntryPoint\",\"urlTemplate\":\"https:\/\/poloplus10.com\/?s={search_term_string}\"},\"query-input\":\"required name=search_term_string\"}],\"inLanguage\":\"de\"},{\"@type\":\"Organization\",\"@id\":\"https:\/\/poloplus10.com\/#organization\",\"name\":\"POLO+10 GmbH\",\"url\":\"https:\/\/poloplus10.com\/\",\"sameAs\":[],\"logo\":{\"@type\":\"ImageObject\",\"inLanguage\":\"de\",\"@id\":\"https:\/\/poloplus10.com\/#\/schema\/logo\/image\/\",\"url\":\"https:\/\/poloplus10.demo-on.de\/wp-content\/uploads\/2021\/07\/poloplus10_logo.png\",\"contentUrl\":\"https:\/\/poloplus10.demo-on.de\/wp-content\/uploads\/2021\/07\/poloplus10_logo.png\",\"width\":300,\"height\":64,\"caption\":\"POLO+10 GmbH\"},\"image\":{\"@id\":\"https:\/\/poloplus10.com\/#\/schema\/logo\/image\/\"}},{\"@type\":\"Person\",\"@id\":\"https:\/\/poloplus10.com\/#\/schema\/person\/bbff47dbc1c0219469f09817682071d1\",\"name\":\"admin_COxlas9lKLM7iM0yVVlmjWaAIl\",\"sameAs\":[\"https:\/\/poloplus10.com\"],\"url\":\"https:\/\/poloplus10.com\/de\/author\/admin_coxlas9lklm7im0yvvlmjwaail\/\"}]}<\/script>\n<!-- \/ Yoast SEO plugin. -->","yoast_head_json":{"title":"Jaeger-LeCoultre \u201eWiesn Edition\u201c zugunsten der Regine Sixt Kinderhilfe Stiftung - POLO+10","robots":{"index":"index","follow":"follow","max-snippet":"max-snippet:-1","max-image-preview":"max-image-preview:large","max-video-preview":"max-video-preview:-1"},"canonical":"https:\/\/poloplus10.com\/de\/jaeger-lecoultre-reverso-wiesn-edition-74627\/","og_locale":"de_DE","og_type":"article","og_title":"Jaeger-LeCoultre \u201eWiesn Edition\u201c zugunsten der Regine Sixt Kinderhilfe Stiftung - POLO+10","og_description":"Die Jaeger-LeCoultre Reverso \u201eWiesn Edition\u201c&nbsp;zu Gunsten der&nbsp;Regine Sixt Kinderhilfe Stiftung \u201eTr\u00e4nchen Trocknen\u201c.&nbsp; Das Oktoberfest steht vor der T\u00fcr und bald hei\u00dft es wieder: \u201eO\u2019zapft is!\u201c. Die traditionelle Regine Sixt Damenwiesn&hellip;","og_url":"https:\/\/poloplus10.com\/de\/jaeger-lecoultre-reverso-wiesn-edition-74627\/","og_site_name":"POLO+10","article_published_time":"2018-09-10T06:24:42+00:00","article_modified_time":"2021-10-14T15:43:27+00:00","og_image":[{"width":750,"height":525,"url":"https:\/\/poloplus10.com\/wp-content\/uploads\/2021\/07\/wiesn-jaegerlecoultre.jpg","type":"image\/jpeg"}],"author":"admin_COxlas9lKLM7iM0yVVlmjWaAIl","twitter_card":"summary_large_image","twitter_misc":{"Verfasst von":"admin_COxlas9lKLM7iM0yVVlmjWaAIl","Gesch\u00e4tzte Lesezeit":"2\u00a0Minuten"},"schema":{"@context":"https:\/\/schema.org","@graph":[{"@type":"Article","@id":"https:\/\/poloplus10.com\/de\/jaeger-lecoultre-reverso-wiesn-edition-74627\/#article","isPartOf":{"@id":"https:\/\/poloplus10.com\/de\/jaeger-lecoultre-reverso-wiesn-edition-74627\/"},"author":{"name":"admin_COxlas9lKLM7iM0yVVlmjWaAIl","@id":"https:\/\/poloplus10.com\/#\/schema\/person\/bbff47dbc1c0219469f09817682071d1"},"headline":"Jaeger-LeCoultre \u201eWiesn Edition\u201c zugunsten der Regine Sixt Kinderhilfe Stiftung","datePublished":"2018-09-10T06:24:42+00:00","dateModified":"2021-10-14T15:43:27+00:00","mainEntityOfPage":{"@id":"https:\/\/poloplus10.com\/de\/jaeger-lecoultre-reverso-wiesn-edition-74627\/"},"wordCount":432,"commentCount":0,"publisher":{"@id":"https:\/\/poloplus10.com\/#organization"},"keywords":["Jaeger-LeCoultre","Kinderhilfe Stiftung","Regine Sixt","Reverso"],"articleSection":["Lifestyle","Newsletter [DE]"],"inLanguage":"de","potentialAction":[{"@type":"CommentAction","name":"Comment","target":["https:\/\/poloplus10.com\/de\/jaeger-lecoultre-reverso-wiesn-edition-74627\/#respond"]}]},{"@type":"WebPage","@id":"https:\/\/poloplus10.com\/de\/jaeger-lecoultre-reverso-wiesn-edition-74627\/","url":"https:\/\/poloplus10.com\/de\/jaeger-lecoultre-reverso-wiesn-edition-74627\/","name":"Jaeger-LeCoultre \u201eWiesn Edition\u201c zugunsten der Regine Sixt Kinderhilfe Stiftung - POLO+10","isPartOf":{"@id":"https:\/\/poloplus10.com\/#website"},"datePublished":"2018-09-10T06:24:42+00:00","dateModified":"2021-10-14T15:43:27+00:00","breadcrumb":{"@id":"https:\/\/poloplus10.com\/de\/jaeger-lecoultre-reverso-wiesn-edition-74627\/#breadcrumb"},"inLanguage":"de","potentialAction":[{"@type":"ReadAction","target":["https:\/\/poloplus10.com\/de\/jaeger-lecoultre-reverso-wiesn-edition-74627\/"]}]},{"@type":"BreadcrumbList","@id":"https:\/\/poloplus10.com\/de\/jaeger-lecoultre-reverso-wiesn-edition-74627\/#breadcrumb","itemListElement":[{"@type":"ListItem","position":1,"name":"Home","item":"https:\/\/poloplus10.com\/"},{"@type":"ListItem","position":2,"name":"Jaeger-LeCoultre \u201eWiesn Edition\u201c zugunsten der Regine Sixt Kinderhilfe Stiftung"}]},{"@type":"WebSite","@id":"https:\/\/poloplus10.com\/#website","url":"https:\/\/poloplus10.com\/","name":"POLO+10","description":"The Polo Magazine","publisher":{"@id":"https:\/\/poloplus10.com\/#organization"},"potentialAction":[{"@type":"SearchAction","target":{"@type":"EntryPoint","urlTemplate":"https:\/\/poloplus10.com\/?s={search_term_string}"},"query-input":"required name=search_term_string"}],"inLanguage":"de"},{"@type":"Organization","@id":"https:\/\/poloplus10.com\/#organization","name":"POLO+10 GmbH","url":"https:\/\/poloplus10.com\/","sameAs":[],"logo":{"@type":"ImageObject","inLanguage":"de","@id":"https:\/\/poloplus10.com\/#\/schema\/logo\/image\/","url":"https:\/\/poloplus10.demo-on.de\/wp-content\/uploads\/2021\/07\/poloplus10_logo.png","contentUrl":"https:\/\/poloplus10.demo-on.de\/wp-content\/uploads\/2021\/07\/poloplus10_logo.png","width":300,"height":64,"caption":"POLO+10 GmbH"},"image":{"@id":"https:\/\/poloplus10.com\/#\/schema\/logo\/image\/"}},{"@type":"Person","@id":"https:\/\/poloplus10.com\/#\/schema\/person\/bbff47dbc1c0219469f09817682071d1","name":"admin_COxlas9lKLM7iM0yVVlmjWaAIl","sameAs":["https:\/\/poloplus10.com"],"url":"https:\/\/poloplus10.com\/de\/author\/admin_coxlas9lklm7im0yvvlmjwaail\/"}]}},"_links":{"self":[{"href":"https:\/\/poloplus10.com\/de\/wp-json\/wp\/v2\/posts\/61144"}],"collection":[{"href":"https:\/\/poloplus10.com\/de\/wp-json\/wp\/v2\/posts"}],"about":[{"href":"https:\/\/poloplus10.com\/de\/wp-json\/wp\/v2\/types\/post"}],"author":[{"embeddable":true,"href":"https:\/\/poloplus10.com\/de\/wp-json\/wp\/v2\/users\/1"}],"replies":[{"embeddable":true,"href":"https:\/\/poloplus10.com\/de\/wp-json\/wp\/v2\/comments?post=61144"}],"version-history":[{"count":1,"href":"https:\/\/poloplus10.com\/de\/wp-json\/wp\/v2\/posts\/61144\/revisions"}],"predecessor-version":[{"id":74687,"href":"https:\/\/poloplus10.com\/de\/wp-json\/wp\/v2\/posts\/61144\/revisions\/74687"}],"wp:featuredmedia":[{"embeddable":true,"href":"https:\/\/poloplus10.com\/de\/wp-json\/wp\/v2\/media\/61145"}],"wp:attachment":[{"href":"https:\/\/poloplus10.com\/de\/wp-json\/wp\/v2\/media?parent=61144"}],"wp:term":[{"taxonomy":"category","embeddable":true,"href":"https:\/\/poloplus10.com\/de\/wp-json\/wp\/v2\/categories?post=61144"},{"taxonomy":"post_tag","embeddable":true,"href":"https:\/\/poloplus10.com\/de\/wp-json\/wp\/v2\/tags?post=61144"},{"taxonomy":"powerkit_post_featured","embeddable":true,"href":"https:\/\/poloplus10.com\/de\/wp-json\/wp\/v2\/powerkit_post_featured?post=61144"}],"curies":[{"name":"wp","href":"https:\/\/api.w.org\/{rel}","templated":true}]}}