{"id":61693,"date":"2019-11-11T10:29:02","date_gmt":"2019-11-11T09:29:02","guid":{"rendered":"https:\/\/poloplus10.com\/produktionsstart-polo-park-zuerich\/"},"modified":"2021-10-14T17:45:11","modified_gmt":"2021-10-14T15:45:11","slug":"produktionsstart-polo-park-zuerich-78267","status":"publish","type":"post","link":"https:\/\/poloplus10.com\/de\/produktionsstart-polo-park-zuerich-78267\/","title":{"rendered":"Produktionsstart: Polo Park Z\u00fcrich"},"content":{"rendered":"<p>POLO+10 freut sich sehr, die Produktion des neuen Magazins f\u00fcr den Polo Park &amp; Country Club Z\u00fcrich 2020 zu starten. Das neue Magazin wird im Fr\u00fchjahr 2020 erscheinen. PPZ &#8211; diese drei Buchstaben stehen f\u00fcr den Polo Park Z\u00fcrich und gleichzeitig f\u00fcr Unternehmergeist, Innovation und Entwicklung. Der Polo Park Z\u00fcrich hat sich seit seiner Gr\u00fcndung 1998 zum Polo-Club mit der gr\u00f6\u00dften Mitgliederzahl und zum wichtigsten Trainingszentrum f\u00fcr Polo in der Schweiz entwickelt. Morgan Van Overbroek und S\u00e9bastien Le Page f\u00fchren den Club in eine strahlende Zukunft und feierten mit der Er\u00f6ffnung des neuen Clubhauses im Jahr 2018 ein glamour\u00f6ses 20-j\u00e4hriges Jubil\u00e4um. Sie bringen viel Leidenschaft in den Sport und bereisen die Welt, um ihre Poloerfahrungen mit nach Hause in die Schweiz zu bringen und den Sport hier auf ein neues Level zu heben. \u00dcber ihren Club sagen sie: \u201eEs ist die Harmonie in jedem Detail, die diesen Club einzigartig und unvergesslich f\u00fcr seine Besucher macht.\u201c Wir bei POLO+10 sind dankbar, diese Leidenschaft zu teilen, Teil ihres Teams zu sein und die Arbeit von Morgan und S\u00e9bastien mit der neuen Ausgabe des Polo Park Z\u00fcrich Magazins zu unterst\u00fctzen.<\/p>\n<p><strong><a href=\"http:\/\/polopark.ch\/?lang=de\">www.polopark.ch<\/a><\/strong><\/p>\n<h5 id=\"thomas-wirth\">\u00a9 Thomas Wirth<\/h5>\n","protected":false},"excerpt":{"rendered":"<p>POLO+10 freut sich sehr, die Produktion des neuen Magazins f\u00fcr den Polo Park &amp; Country Club Z\u00fcrich 2020 zu starten. Das neue Magazin wird im Fr\u00fchjahr 2020 erscheinen. PPZ &#8211;&hellip;<\/p>\n","protected":false},"author":1,"featured_media":61694,"comment_status":"open","ping_status":"open","sticky":false,"template":"","format":"standard","meta":{"_monsterinsights_skip_tracking":false,"_monsterinsights_sitenote_active":false,"_monsterinsights_sitenote_note":"","_monsterinsights_sitenote_category":0},"categories":[5668,5660],"tags":[2970,4454,4850,5005,4332,38,41,5006,5007,5008,5009,4755,5010,4756,4625,4085,519,4015,2432],"powerkit_post_featured":[],"acf":[],"yoast_head":"<!-- This site is optimized with the Yoast SEO plugin v19.6.1 - https:\/\/yoast.com\/wordpress\/plugins\/seo\/ -->\n<title>Produktionsstart: Polo Park Z\u00fcrich - POLO+10<\/title>\n<meta name=\"robots\" content=\"index, follow, max-snippet:-1, max-image-preview:large, max-video-preview:-1\" \/>\n<link rel=\"canonical\" href=\"https:\/\/poloplus10.com\/de\/produktionsstart-polo-park-zuerich-78267\/\" \/>\n<meta property=\"og:locale\" content=\"de_DE\" \/>\n<meta property=\"og:type\" content=\"article\" \/>\n<meta property=\"og:title\" content=\"Produktionsstart: Polo Park Z\u00fcrich - POLO+10\" \/>\n<meta property=\"og:description\" content=\"POLO+10 freut sich sehr, die Produktion des neuen Magazins f\u00fcr den Polo Park &amp; Country Club Z\u00fcrich 2020 zu starten. Das neue Magazin wird im Fr\u00fchjahr 2020 erscheinen. PPZ &#8211;&hellip;\" \/>\n<meta property=\"og:url\" content=\"https:\/\/poloplus10.com\/de\/produktionsstart-polo-park-zuerich-78267\/\" \/>\n<meta property=\"og:site_name\" content=\"POLO+10\" \/>\n<meta property=\"article:published_time\" content=\"2019-11-11T09:29:02+00:00\" \/>\n<meta property=\"article:modified_time\" content=\"2021-10-14T15:45:11+00:00\" \/>\n<meta property=\"og:image\" content=\"https:\/\/poloplus10.com\/wp-content\/uploads\/2021\/07\/PPZ-1-1.jpg\" \/>\n\t<meta property=\"og:image:width\" content=\"750\" \/>\n\t<meta property=\"og:image:height\" content=\"525\" \/>\n\t<meta property=\"og:image:type\" content=\"image\/jpeg\" \/>\n<meta name=\"author\" content=\"admin_COxlas9lKLM7iM0yVVlmjWaAIl\" \/>\n<meta name=\"twitter:card\" content=\"summary_large_image\" \/>\n<meta name=\"twitter:label1\" content=\"Verfasst von\" \/>\n\t<meta name=\"twitter:data1\" content=\"admin_COxlas9lKLM7iM0yVVlmjWaAIl\" \/>\n\t<meta name=\"twitter:label2\" content=\"Gesch\u00e4tzte Lesezeit\" \/>\n\t<meta name=\"twitter:data2\" content=\"1\u00a0Minute\" \/>\n<script type=\"application\/ld+json\" class=\"yoast-schema-graph\">{\"@context\":\"https:\/\/schema.org\",\"@graph\":[{\"@type\":\"Article\",\"@id\":\"https:\/\/poloplus10.com\/de\/produktionsstart-polo-park-zuerich-78267\/#article\",\"isPartOf\":{\"@id\":\"https:\/\/poloplus10.com\/de\/produktionsstart-polo-park-zuerich-78267\/\"},\"author\":{\"name\":\"admin_COxlas9lKLM7iM0yVVlmjWaAIl\",\"@id\":\"https:\/\/poloplus10.com\/#\/schema\/person\/bbff47dbc1c0219469f09817682071d1\"},\"headline\":\"Produktionsstart: Polo Park Z\u00fcrich\",\"datePublished\":\"2019-11-11T09:29:02+00:00\",\"dateModified\":\"2021-10-14T15:45:11+00:00\",\"mainEntityOfPage\":{\"@id\":\"https:\/\/poloplus10.com\/de\/produktionsstart-polo-park-zuerich-78267\/\"},\"wordCount\":213,\"commentCount\":0,\"publisher\":{\"@id\":\"https:\/\/poloplus10.com\/#organization\"},\"keywords\":[\"Calendar\",\"fippolo\",\"instapolo\",\"magazine\",\"Morgan Van Overbroek\",\"Polo\",\"Polo+10\",\"polohorse\",\"pololifestyle\",\"pololove\",\"poloparkandcountryclubzurich\",\"poloparkzurich\",\"polopeople\",\"Poloplayer\",\"poloplus10\",\"S\u00e9bastien Le Page\",\"Switzerland\",\"Thomas Wirth\",\"Zurich\"],\"articleSection\":[\"Europa\",\"Polo News\"],\"inLanguage\":\"de\",\"potentialAction\":[{\"@type\":\"CommentAction\",\"name\":\"Comment\",\"target\":[\"https:\/\/poloplus10.com\/de\/produktionsstart-polo-park-zuerich-78267\/#respond\"]}]},{\"@type\":\"WebPage\",\"@id\":\"https:\/\/poloplus10.com\/de\/produktionsstart-polo-park-zuerich-78267\/\",\"url\":\"https:\/\/poloplus10.com\/de\/produktionsstart-polo-park-zuerich-78267\/\",\"name\":\"Produktionsstart: Polo Park Z\u00fcrich - POLO+10\",\"isPartOf\":{\"@id\":\"https:\/\/poloplus10.com\/#website\"},\"datePublished\":\"2019-11-11T09:29:02+00:00\",\"dateModified\":\"2021-10-14T15:45:11+00:00\",\"breadcrumb\":{\"@id\":\"https:\/\/poloplus10.com\/de\/produktionsstart-polo-park-zuerich-78267\/#breadcrumb\"},\"inLanguage\":\"de\",\"potentialAction\":[{\"@type\":\"ReadAction\",\"target\":[\"https:\/\/poloplus10.com\/de\/produktionsstart-polo-park-zuerich-78267\/\"]}]},{\"@type\":\"BreadcrumbList\",\"@id\":\"https:\/\/poloplus10.com\/de\/produktionsstart-polo-park-zuerich-78267\/#breadcrumb\",\"itemListElement\":[{\"@type\":\"ListItem\",\"position\":1,\"name\":\"Home\",\"item\":\"https:\/\/poloplus10.com\/\"},{\"@type\":\"ListItem\",\"position\":2,\"name\":\"Produktionsstart: Polo Park Z\u00fcrich\"}]},{\"@type\":\"WebSite\",\"@id\":\"https:\/\/poloplus10.com\/#website\",\"url\":\"https:\/\/poloplus10.com\/\",\"name\":\"POLO+10\",\"description\":\"The Polo Magazine\",\"publisher\":{\"@id\":\"https:\/\/poloplus10.com\/#organization\"},\"potentialAction\":[{\"@type\":\"SearchAction\",\"target\":{\"@type\":\"EntryPoint\",\"urlTemplate\":\"https:\/\/poloplus10.com\/?s={search_term_string}\"},\"query-input\":\"required name=search_term_string\"}],\"inLanguage\":\"de\"},{\"@type\":\"Organization\",\"@id\":\"https:\/\/poloplus10.com\/#organization\",\"name\":\"POLO+10 GmbH\",\"url\":\"https:\/\/poloplus10.com\/\",\"sameAs\":[],\"logo\":{\"@type\":\"ImageObject\",\"inLanguage\":\"de\",\"@id\":\"https:\/\/poloplus10.com\/#\/schema\/logo\/image\/\",\"url\":\"https:\/\/poloplus10.demo-on.de\/wp-content\/uploads\/2021\/07\/poloplus10_logo.png\",\"contentUrl\":\"https:\/\/poloplus10.demo-on.de\/wp-content\/uploads\/2021\/07\/poloplus10_logo.png\",\"width\":300,\"height\":64,\"caption\":\"POLO+10 GmbH\"},\"image\":{\"@id\":\"https:\/\/poloplus10.com\/#\/schema\/logo\/image\/\"}},{\"@type\":\"Person\",\"@id\":\"https:\/\/poloplus10.com\/#\/schema\/person\/bbff47dbc1c0219469f09817682071d1\",\"name\":\"admin_COxlas9lKLM7iM0yVVlmjWaAIl\",\"sameAs\":[\"https:\/\/poloplus10.com\"],\"url\":\"https:\/\/poloplus10.com\/de\/author\/admin_coxlas9lklm7im0yvvlmjwaail\/\"}]}<\/script>\n<!-- \/ Yoast SEO plugin. -->","yoast_head_json":{"title":"Produktionsstart: Polo Park Z\u00fcrich - POLO+10","robots":{"index":"index","follow":"follow","max-snippet":"max-snippet:-1","max-image-preview":"max-image-preview:large","max-video-preview":"max-video-preview:-1"},"canonical":"https:\/\/poloplus10.com\/de\/produktionsstart-polo-park-zuerich-78267\/","og_locale":"de_DE","og_type":"article","og_title":"Produktionsstart: Polo Park Z\u00fcrich - POLO+10","og_description":"POLO+10 freut sich sehr, die Produktion des neuen Magazins f\u00fcr den Polo Park &amp; Country Club Z\u00fcrich 2020 zu starten. Das neue Magazin wird im Fr\u00fchjahr 2020 erscheinen. PPZ &#8211;&hellip;","og_url":"https:\/\/poloplus10.com\/de\/produktionsstart-polo-park-zuerich-78267\/","og_site_name":"POLO+10","article_published_time":"2019-11-11T09:29:02+00:00","article_modified_time":"2021-10-14T15:45:11+00:00","og_image":[{"width":750,"height":525,"url":"https:\/\/poloplus10.com\/wp-content\/uploads\/2021\/07\/PPZ-1-1.jpg","type":"image\/jpeg"}],"author":"admin_COxlas9lKLM7iM0yVVlmjWaAIl","twitter_card":"summary_large_image","twitter_misc":{"Verfasst von":"admin_COxlas9lKLM7iM0yVVlmjWaAIl","Gesch\u00e4tzte Lesezeit":"1\u00a0Minute"},"schema":{"@context":"https:\/\/schema.org","@graph":[{"@type":"Article","@id":"https:\/\/poloplus10.com\/de\/produktionsstart-polo-park-zuerich-78267\/#article","isPartOf":{"@id":"https:\/\/poloplus10.com\/de\/produktionsstart-polo-park-zuerich-78267\/"},"author":{"name":"admin_COxlas9lKLM7iM0yVVlmjWaAIl","@id":"https:\/\/poloplus10.com\/#\/schema\/person\/bbff47dbc1c0219469f09817682071d1"},"headline":"Produktionsstart: Polo Park Z\u00fcrich","datePublished":"2019-11-11T09:29:02+00:00","dateModified":"2021-10-14T15:45:11+00:00","mainEntityOfPage":{"@id":"https:\/\/poloplus10.com\/de\/produktionsstart-polo-park-zuerich-78267\/"},"wordCount":213,"commentCount":0,"publisher":{"@id":"https:\/\/poloplus10.com\/#organization"},"keywords":["Calendar","fippolo","instapolo","magazine","Morgan Van Overbroek","Polo","Polo+10","polohorse","pololifestyle","pololove","poloparkandcountryclubzurich","poloparkzurich","polopeople","Poloplayer","poloplus10","S\u00e9bastien Le Page","Switzerland","Thomas Wirth","Zurich"],"articleSection":["Europa","Polo News"],"inLanguage":"de","potentialAction":[{"@type":"CommentAction","name":"Comment","target":["https:\/\/poloplus10.com\/de\/produktionsstart-polo-park-zuerich-78267\/#respond"]}]},{"@type":"WebPage","@id":"https:\/\/poloplus10.com\/de\/produktionsstart-polo-park-zuerich-78267\/","url":"https:\/\/poloplus10.com\/de\/produktionsstart-polo-park-zuerich-78267\/","name":"Produktionsstart: Polo Park Z\u00fcrich - POLO+10","isPartOf":{"@id":"https:\/\/poloplus10.com\/#website"},"datePublished":"2019-11-11T09:29:02+00:00","dateModified":"2021-10-14T15:45:11+00:00","breadcrumb":{"@id":"https:\/\/poloplus10.com\/de\/produktionsstart-polo-park-zuerich-78267\/#breadcrumb"},"inLanguage":"de","potentialAction":[{"@type":"ReadAction","target":["https:\/\/poloplus10.com\/de\/produktionsstart-polo-park-zuerich-78267\/"]}]},{"@type":"BreadcrumbList","@id":"https:\/\/poloplus10.com\/de\/produktionsstart-polo-park-zuerich-78267\/#breadcrumb","itemListElement":[{"@type":"ListItem","position":1,"name":"Home","item":"https:\/\/poloplus10.com\/"},{"@type":"ListItem","position":2,"name":"Produktionsstart: Polo Park Z\u00fcrich"}]},{"@type":"WebSite","@id":"https:\/\/poloplus10.com\/#website","url":"https:\/\/poloplus10.com\/","name":"POLO+10","description":"The Polo Magazine","publisher":{"@id":"https:\/\/poloplus10.com\/#organization"},"potentialAction":[{"@type":"SearchAction","target":{"@type":"EntryPoint","urlTemplate":"https:\/\/poloplus10.com\/?s={search_term_string}"},"query-input":"required name=search_term_string"}],"inLanguage":"de"},{"@type":"Organization","@id":"https:\/\/poloplus10.com\/#organization","name":"POLO+10 GmbH","url":"https:\/\/poloplus10.com\/","sameAs":[],"logo":{"@type":"ImageObject","inLanguage":"de","@id":"https:\/\/poloplus10.com\/#\/schema\/logo\/image\/","url":"https:\/\/poloplus10.demo-on.de\/wp-content\/uploads\/2021\/07\/poloplus10_logo.png","contentUrl":"https:\/\/poloplus10.demo-on.de\/wp-content\/uploads\/2021\/07\/poloplus10_logo.png","width":300,"height":64,"caption":"POLO+10 GmbH"},"image":{"@id":"https:\/\/poloplus10.com\/#\/schema\/logo\/image\/"}},{"@type":"Person","@id":"https:\/\/poloplus10.com\/#\/schema\/person\/bbff47dbc1c0219469f09817682071d1","name":"admin_COxlas9lKLM7iM0yVVlmjWaAIl","sameAs":["https:\/\/poloplus10.com"],"url":"https:\/\/poloplus10.com\/de\/author\/admin_coxlas9lklm7im0yvvlmjwaail\/"}]}},"_links":{"self":[{"href":"https:\/\/poloplus10.com\/de\/wp-json\/wp\/v2\/posts\/61693"}],"collection":[{"href":"https:\/\/poloplus10.com\/de\/wp-json\/wp\/v2\/posts"}],"about":[{"href":"https:\/\/poloplus10.com\/de\/wp-json\/wp\/v2\/types\/post"}],"author":[{"embeddable":true,"href":"https:\/\/poloplus10.com\/de\/wp-json\/wp\/v2\/users\/1"}],"replies":[{"embeddable":true,"href":"https:\/\/poloplus10.com\/de\/wp-json\/wp\/v2\/comments?post=61693"}],"version-history":[{"count":1,"href":"https:\/\/poloplus10.com\/de\/wp-json\/wp\/v2\/posts\/61693\/revisions"}],"predecessor-version":[{"id":74780,"href":"https:\/\/poloplus10.com\/de\/wp-json\/wp\/v2\/posts\/61693\/revisions\/74780"}],"wp:featuredmedia":[{"embeddable":true,"href":"https:\/\/poloplus10.com\/de\/wp-json\/wp\/v2\/media\/61694"}],"wp:attachment":[{"href":"https:\/\/poloplus10.com\/de\/wp-json\/wp\/v2\/media?parent=61693"}],"wp:term":[{"taxonomy":"category","embeddable":true,"href":"https:\/\/poloplus10.com\/de\/wp-json\/wp\/v2\/categories?post=61693"},{"taxonomy":"post_tag","embeddable":true,"href":"https:\/\/poloplus10.com\/de\/wp-json\/wp\/v2\/tags?post=61693"},{"taxonomy":"powerkit_post_featured","embeddable":true,"href":"https:\/\/poloplus10.com\/de\/wp-json\/wp\/v2\/powerkit_post_featured?post=61693"}],"curies":[{"name":"wp","href":"https:\/\/api.w.org\/{rel}","templated":true}]}}