{"id":62231,"date":"2020-08-13T05:57:20","date_gmt":"2020-08-13T03:57:20","guid":{"rendered":"https:\/\/poloplus10.com\/jaguar-classic-feiert-2021-60-jahre-e-type-mit-exklusiver-geburtstags-edition\/"},"modified":"2021-10-14T17:46:32","modified_gmt":"2021-10-14T15:46:32","slug":"jaguar-classic-feiert-2021-60-jahre-e-type-mit-exklusiver-geburtstags-edition-80530","status":"publish","type":"post","link":"https:\/\/poloplus10.com\/de\/jaguar-classic-feiert-2021-60-jahre-e-type-mit-exklusiver-geburtstags-edition-80530\/","title":{"rendered":"Jaguar Classic feiert 2021 60 Jahre E-TYPE mit exklusiver Geburtstags-Edition"},"content":{"rendered":"<p>Zum 60. <span lang=\"DE\" xml_lang=\"DE\">Geburtstag des legend\u00e4ren Sportwagens im M\u00e4rz 2021 baut Jaguar Classic sechs aufeinander abgestimmte Paare des E-Type auf.<\/span><\/p>\n<ul>\n<li>Im M\u00e4rz 2021 j\u00e4hrt sich die Weltpremiere des legend\u00e4ren Jaguar Sportwagens zum 60. Mal<\/li>\n<li>Jaguar Classic baut auf Basis restaurierter 3,8-Liter-Modelle sechs Paare des legend\u00e4ren Modells auf \u2013 je ein Coup\u00e9 und ein Roadster, in exklusiven Farben und besonderen Details f\u00fcr Exterieur und Interieur<\/li>\n<li>Die E-Type 60 Collection ist eine Hommage an zwei der ber\u00fchmtesten Exemplare: \u201e9600 HP\u201c und \u201e77 RW\u201c<\/li>\n<\/ul>\n<p><strong>Zum 60. <\/strong><strong><span lang=\"DE\">Geburtstag des legend\u00e4ren Sportwagens im M\u00e4rz 2021 baut Jaguar Classic sechs aufeinander abgestimmte Paare des E-Type auf. Die E-Type 60 Collection Modelle basieren auf originalen E-Type Serie 1 aus den 1960er-Jahren mit 3,8-Liter-Reihensechszylindermotor, die im Zuge einer professionellen Werksrestaurierung auf die exklusive Spezifikation der E-Type 60 Collection gebracht werden. Die Paare bestehen aus einem E-Type Coup\u00e9 in der Farbe Flat Out Grey und einem Roadster in Drop Everything Green. Sie nehmen Bezug auf zwei Messetestwagen, die bei der E-Type-Weltpremiere auf dem Genfer Salon von 1961 eine entscheidende Rolle spielten. <\/span><\/strong><\/p>\n<p><span lang=\"DE\">Beim ersten Modell handelte es sich um ein Fixed-Head Coup\u00e9 mit polizeilichem Kennzeichen \u201e9600 HP\u201c in Opalescent Gunmetal Grey. Erst in der Nacht vor der im Genfer Parc des Eaux Vives angesetzten Vorstellung vor ausgew\u00e4hlten G\u00e4sten hatte Jaguar PR-Manager Bob Berry das Auto \u201emit Vollgas\u201c von Coventry nach Genf gefahren. Nur wenige Minuten vor Beginn der ersten Demo-Fahrten kam er am Lac L\u00e9man an. <\/span><\/p>\n<p><span lang=\"DE\">Weil der Ansturm auf die an Berrys Seite durchgef\u00fchrten Testfahrten so gewaltig war, erhielt der legend\u00e4re Jaguar Testfahrer und Entwicklungsingenieur Norman Dewis den Auftrag von Firmenchef Sir William Lyons, \u201ealles stehen und liegen zu lassen\u201c und so schnell wie m\u00f6glich mit einem weiteren E-Type vom Werk Browns Lane, Coventry in die Schweiz aufzubrechen. Zur Hand war ein 3,8-Liter-Roadster in British Racing Green und mit dem Kennzeichen \u201e77 RW\u201c \u2013 und auch Dewis schaffte es, noch rechtzeitig in Genf einzulaufen. Nach einem Parforce-Ritt \u00fcber franz\u00f6sische Landstra\u00dfen und Alpenp\u00e4sse, in nur elf Stunden Fahrt und mit einem Schnitt von 111 km\/h. Bis heute ein St\u00fcck Jaguar Firmenlegende. <\/span><\/p>\n<p><span lang=\"DE\">Beide Fahrzeuge wurden neben Fahrten auf einer abgesperrten Bergstrecke nahe Genf sp\u00e4ter auch f\u00fcr Tests von Fachzeitschriften eingesetzt. Sie best\u00e4tigten die sensationelle Performance des Autos \u2013 darunter die H\u00f6chstgeschwindigkeit von 240 km\/h. Lohn der akribischen Arbeiten im Windkanal, bei denen Aerodynamikspezialist Malcolm Sayer dem neuen Traumsportwagen seine nicht nur bet\u00f6rend sch\u00f6ne, sondern auch aerodynamisch exzellente Form verpasste.<\/span><\/p>\n<p><img decoding=\"async\" loading=\"lazy\" class=\"alignnone size-medium wp-image-80531\" src=\"https:\/\/poloplus10.com\/wp-content\/uploads\/2021\/07\/J_Classic_Etype_60_120820_16x9-2.jpg\" alt=\"\" width=\"569\" height=\"406\"><\/p>\n<p><span lang=\"DE\">Jedes E-Type 60 Edition Modell wird vom erfahrenden Team bei Jaguar Classic Works in Warwickshire auf Basis von existierenden 3,8-Liter-E-Type Serie 1 neu aufgebaut und gem\u00e4\u00df den Spezifikationen der exklusiven 60-Jahre-Jubil\u00e4umsedition komplett restauriert.<\/span><\/p>\n<p><span lang=\"DE\">Jedes Paar \u2013 es kann nur zusammen bestellt werden \u2013 besteht aus einem Coup\u00e9 nach Vorbild des \u201e9600 HP\u201c in der Farbe Flat Out Grey und einem Roadster als Hommage an \u201e77 RW\u201c in Drop Everything Green. Dar\u00fcber hinaus wird jedes E-Type 60 Edition-Exemplar innen und au\u00dfen eine Reihe von Details zieren, die an diese glorreiche Zeit erinnern und von Jaguar Classic zusammen mit Jaguar Designdirektor Julian Thompson entwickelt wurden. <\/span><\/p>\n<p><span lang=\"DE\">Der E-Type ist ein Synonym f\u00fcr den revolution\u00e4ren Zeitgeist der Swinging Sixties. VIPs vom Kaliber Steve McQueen, Brigitte Bardot, Frank Sinatra, George Harrison, Tony Curtis oder Britt Ekland fuhren alle einen. Und dank der zeitlosen Sch\u00f6nheit seiner skulpturalen Formen und seines Einflusses auf das Design im Allgemeinen nahm das New Yorker Museum of Modern Art 1996 ein E-Type Cabriolet als zu diesem Zeitpunkt erst drittes automobiles Exponat in seine Dauerausstellung auf.<\/span><\/p>\n<p><em>&#8220;Der Jaguar E-Type ist eine Designikone und heute so sensationell wie im Moment seiner Enth\u00fcllung im Jahr 1961. Es spricht f\u00fcr das wegweisende Design und Engineering des E-Type, dass er auch nach fast 60 Jahren noch immer von so vielen Menschen bewundert wird. <\/em><\/p>\n<p><em>Die Modelle der E-Type 60 Collection sind ein bleibendes Zeugnis f\u00fcr E-Type-Bewunderer. Sie ehren das Erbe des Autos und die Leistungen des Teams, das damals hinter ihm stand. Viele von ihnen haben Nachfolger, die heute f\u00fcr Jaguar Classic t\u00e4tig sind und mit ihrer gro\u00dfen Expertise Fahrzeuge restaurieren und in Stand halten, damit auch kommende Generationen den mit einem E-Type verbundenen Fahrspa\u00df erleben und genie\u00dfen k\u00f6nnen.&#8221; DANIEL PINK DIREKTOR, JAGUAR CLASSIC<\/em><\/p>\n<p>Jaguar Classics ist die weltweit erste Adresse f\u00fcr originale Ersatzteile und Services f\u00fcr den E-Type \u2013 von \u201eHealth Checks\u201c und behutsamen Upgrades bis zur Restaurierung von ausgew\u00e4hlten Exemplaren auf eine \u201eReborn\u201c-Spezifikation und damit auf das Niveau eines Neufahrzeugs.<\/p>\n","protected":false},"excerpt":{"rendered":"<p>Zum 60. Geburtstag des legend\u00e4ren Sportwagens im M\u00e4rz 2021 baut Jaguar Classic sechs aufeinander abgestimmte Paare des E-Type auf. Im M\u00e4rz 2021 j\u00e4hrt sich die Weltpremiere des legend\u00e4ren Jaguar Sportwagens&hellip;<\/p>\n","protected":false},"author":1,"featured_media":62235,"comment_status":"open","ping_status":"open","sticky":false,"template":"","format":"standard","meta":{"_monsterinsights_skip_tracking":false,"_monsterinsights_sitenote_active":false,"_monsterinsights_sitenote_note":"","_monsterinsights_sitenote_category":0},"categories":[5648,5646,5660],"tags":[4976,5301,3698,5302,5039,5303,4944,41,4625,5304,5208,5257],"powerkit_post_featured":[],"acf":[],"yoast_head":"<!-- This site is optimized with the Yoast SEO plugin v19.6.1 - https:\/\/yoast.com\/wordpress\/plugins\/seo\/ -->\n<title>Jaguar Classic feiert 2021 60 Jahre E-TYPE mit exklusiver Geburtstags-Edition - POLO+10<\/title>\n<meta name=\"robots\" content=\"index, follow, max-snippet:-1, max-image-preview:large, max-video-preview:-1\" \/>\n<link rel=\"canonical\" href=\"https:\/\/poloplus10.com\/de\/jaguar-classic-feiert-2021-60-jahre-e-type-mit-exklusiver-geburtstags-edition-80530\/\" \/>\n<meta property=\"og:locale\" content=\"de_DE\" \/>\n<meta property=\"og:type\" content=\"article\" \/>\n<meta property=\"og:title\" content=\"Jaguar Classic feiert 2021 60 Jahre E-TYPE mit exklusiver Geburtstags-Edition - POLO+10\" \/>\n<meta property=\"og:description\" content=\"Zum 60. Geburtstag des legend\u00e4ren Sportwagens im M\u00e4rz 2021 baut Jaguar Classic sechs aufeinander abgestimmte Paare des E-Type auf. Im M\u00e4rz 2021 j\u00e4hrt sich die Weltpremiere des legend\u00e4ren Jaguar Sportwagens&hellip;\" \/>\n<meta property=\"og:url\" content=\"https:\/\/poloplus10.com\/de\/jaguar-classic-feiert-2021-60-jahre-e-type-mit-exklusiver-geburtstags-edition-80530\/\" \/>\n<meta property=\"og:site_name\" content=\"POLO+10\" \/>\n<meta property=\"article:published_time\" content=\"2020-08-13T03:57:20+00:00\" \/>\n<meta property=\"article:modified_time\" content=\"2021-10-14T15:46:32+00:00\" \/>\n<meta property=\"og:image\" content=\"https:\/\/poloplus10.com\/wp-content\/uploads\/2021\/07\/car.jpg\" \/>\n\t<meta property=\"og:image:width\" content=\"750\" \/>\n\t<meta property=\"og:image:height\" content=\"525\" \/>\n\t<meta property=\"og:image:type\" content=\"image\/jpeg\" \/>\n<meta name=\"author\" content=\"admin_COxlas9lKLM7iM0yVVlmjWaAIl\" \/>\n<meta name=\"twitter:card\" content=\"summary_large_image\" \/>\n<meta name=\"twitter:label1\" content=\"Verfasst von\" \/>\n\t<meta name=\"twitter:data1\" content=\"admin_COxlas9lKLM7iM0yVVlmjWaAIl\" \/>\n\t<meta name=\"twitter:label2\" content=\"Gesch\u00e4tzte Lesezeit\" \/>\n\t<meta name=\"twitter:data2\" content=\"4\u00a0Minuten\" \/>\n<script type=\"application\/ld+json\" class=\"yoast-schema-graph\">{\"@context\":\"https:\/\/schema.org\",\"@graph\":[{\"@type\":\"Article\",\"@id\":\"https:\/\/poloplus10.com\/de\/jaguar-classic-feiert-2021-60-jahre-e-type-mit-exklusiver-geburtstags-edition-80530\/#article\",\"isPartOf\":{\"@id\":\"https:\/\/poloplus10.com\/de\/jaguar-classic-feiert-2021-60-jahre-e-type-mit-exklusiver-geburtstags-edition-80530\/\"},\"author\":{\"name\":\"admin_COxlas9lKLM7iM0yVVlmjWaAIl\",\"@id\":\"https:\/\/poloplus10.com\/#\/schema\/person\/bbff47dbc1c0219469f09817682071d1\"},\"headline\":\"Jaguar Classic feiert 2021 60 Jahre E-TYPE mit exklusiver Geburtstags-Edition\",\"datePublished\":\"2020-08-13T03:57:20+00:00\",\"dateModified\":\"2021-10-14T15:46:32+00:00\",\"mainEntityOfPage\":{\"@id\":\"https:\/\/poloplus10.com\/de\/jaguar-classic-feiert-2021-60-jahre-e-type-mit-exklusiver-geburtstags-edition-80530\/\"},\"wordCount\":744,\"commentCount\":0,\"publisher\":{\"@id\":\"https:\/\/poloplus10.com\/#organization\"},\"keywords\":[\"Collection\",\"coup\u00e9\",\"Design\",\"e-type\",\"Edition\",\"jaguar classic\",\"JUbilee\",\"Polo+10\",\"poloplus10\",\"roadster\",\"Speed\",\"Sports car\"],\"articleSection\":[\"Art &amp; Design\",\"Lifestyle\",\"Polo News\"],\"inLanguage\":\"de\",\"potentialAction\":[{\"@type\":\"CommentAction\",\"name\":\"Comment\",\"target\":[\"https:\/\/poloplus10.com\/de\/jaguar-classic-feiert-2021-60-jahre-e-type-mit-exklusiver-geburtstags-edition-80530\/#respond\"]}]},{\"@type\":\"WebPage\",\"@id\":\"https:\/\/poloplus10.com\/de\/jaguar-classic-feiert-2021-60-jahre-e-type-mit-exklusiver-geburtstags-edition-80530\/\",\"url\":\"https:\/\/poloplus10.com\/de\/jaguar-classic-feiert-2021-60-jahre-e-type-mit-exklusiver-geburtstags-edition-80530\/\",\"name\":\"Jaguar Classic feiert 2021 60 Jahre E-TYPE mit exklusiver Geburtstags-Edition - POLO+10\",\"isPartOf\":{\"@id\":\"https:\/\/poloplus10.com\/#website\"},\"datePublished\":\"2020-08-13T03:57:20+00:00\",\"dateModified\":\"2021-10-14T15:46:32+00:00\",\"breadcrumb\":{\"@id\":\"https:\/\/poloplus10.com\/de\/jaguar-classic-feiert-2021-60-jahre-e-type-mit-exklusiver-geburtstags-edition-80530\/#breadcrumb\"},\"inLanguage\":\"de\",\"potentialAction\":[{\"@type\":\"ReadAction\",\"target\":[\"https:\/\/poloplus10.com\/de\/jaguar-classic-feiert-2021-60-jahre-e-type-mit-exklusiver-geburtstags-edition-80530\/\"]}]},{\"@type\":\"BreadcrumbList\",\"@id\":\"https:\/\/poloplus10.com\/de\/jaguar-classic-feiert-2021-60-jahre-e-type-mit-exklusiver-geburtstags-edition-80530\/#breadcrumb\",\"itemListElement\":[{\"@type\":\"ListItem\",\"position\":1,\"name\":\"Home\",\"item\":\"https:\/\/poloplus10.com\/\"},{\"@type\":\"ListItem\",\"position\":2,\"name\":\"Jaguar Classic feiert 2021 60 Jahre E-TYPE mit exklusiver Geburtstags-Edition\"}]},{\"@type\":\"WebSite\",\"@id\":\"https:\/\/poloplus10.com\/#website\",\"url\":\"https:\/\/poloplus10.com\/\",\"name\":\"POLO+10\",\"description\":\"The Polo Magazine\",\"publisher\":{\"@id\":\"https:\/\/poloplus10.com\/#organization\"},\"potentialAction\":[{\"@type\":\"SearchAction\",\"target\":{\"@type\":\"EntryPoint\",\"urlTemplate\":\"https:\/\/poloplus10.com\/?s={search_term_string}\"},\"query-input\":\"required name=search_term_string\"}],\"inLanguage\":\"de\"},{\"@type\":\"Organization\",\"@id\":\"https:\/\/poloplus10.com\/#organization\",\"name\":\"POLO+10 GmbH\",\"url\":\"https:\/\/poloplus10.com\/\",\"sameAs\":[],\"logo\":{\"@type\":\"ImageObject\",\"inLanguage\":\"de\",\"@id\":\"https:\/\/poloplus10.com\/#\/schema\/logo\/image\/\",\"url\":\"https:\/\/poloplus10.demo-on.de\/wp-content\/uploads\/2021\/07\/poloplus10_logo.png\",\"contentUrl\":\"https:\/\/poloplus10.demo-on.de\/wp-content\/uploads\/2021\/07\/poloplus10_logo.png\",\"width\":300,\"height\":64,\"caption\":\"POLO+10 GmbH\"},\"image\":{\"@id\":\"https:\/\/poloplus10.com\/#\/schema\/logo\/image\/\"}},{\"@type\":\"Person\",\"@id\":\"https:\/\/poloplus10.com\/#\/schema\/person\/bbff47dbc1c0219469f09817682071d1\",\"name\":\"admin_COxlas9lKLM7iM0yVVlmjWaAIl\",\"sameAs\":[\"https:\/\/poloplus10.com\"],\"url\":\"https:\/\/poloplus10.com\/de\/author\/admin_coxlas9lklm7im0yvvlmjwaail\/\"}]}<\/script>\n<!-- \/ Yoast SEO plugin. -->","yoast_head_json":{"title":"Jaguar Classic feiert 2021 60 Jahre E-TYPE mit exklusiver Geburtstags-Edition - POLO+10","robots":{"index":"index","follow":"follow","max-snippet":"max-snippet:-1","max-image-preview":"max-image-preview:large","max-video-preview":"max-video-preview:-1"},"canonical":"https:\/\/poloplus10.com\/de\/jaguar-classic-feiert-2021-60-jahre-e-type-mit-exklusiver-geburtstags-edition-80530\/","og_locale":"de_DE","og_type":"article","og_title":"Jaguar Classic feiert 2021 60 Jahre E-TYPE mit exklusiver Geburtstags-Edition - POLO+10","og_description":"Zum 60. Geburtstag des legend\u00e4ren Sportwagens im M\u00e4rz 2021 baut Jaguar Classic sechs aufeinander abgestimmte Paare des E-Type auf. Im M\u00e4rz 2021 j\u00e4hrt sich die Weltpremiere des legend\u00e4ren Jaguar Sportwagens&hellip;","og_url":"https:\/\/poloplus10.com\/de\/jaguar-classic-feiert-2021-60-jahre-e-type-mit-exklusiver-geburtstags-edition-80530\/","og_site_name":"POLO+10","article_published_time":"2020-08-13T03:57:20+00:00","article_modified_time":"2021-10-14T15:46:32+00:00","og_image":[{"width":750,"height":525,"url":"https:\/\/poloplus10.com\/wp-content\/uploads\/2021\/07\/car.jpg","type":"image\/jpeg"}],"author":"admin_COxlas9lKLM7iM0yVVlmjWaAIl","twitter_card":"summary_large_image","twitter_misc":{"Verfasst von":"admin_COxlas9lKLM7iM0yVVlmjWaAIl","Gesch\u00e4tzte Lesezeit":"4\u00a0Minuten"},"schema":{"@context":"https:\/\/schema.org","@graph":[{"@type":"Article","@id":"https:\/\/poloplus10.com\/de\/jaguar-classic-feiert-2021-60-jahre-e-type-mit-exklusiver-geburtstags-edition-80530\/#article","isPartOf":{"@id":"https:\/\/poloplus10.com\/de\/jaguar-classic-feiert-2021-60-jahre-e-type-mit-exklusiver-geburtstags-edition-80530\/"},"author":{"name":"admin_COxlas9lKLM7iM0yVVlmjWaAIl","@id":"https:\/\/poloplus10.com\/#\/schema\/person\/bbff47dbc1c0219469f09817682071d1"},"headline":"Jaguar Classic feiert 2021 60 Jahre E-TYPE mit exklusiver Geburtstags-Edition","datePublished":"2020-08-13T03:57:20+00:00","dateModified":"2021-10-14T15:46:32+00:00","mainEntityOfPage":{"@id":"https:\/\/poloplus10.com\/de\/jaguar-classic-feiert-2021-60-jahre-e-type-mit-exklusiver-geburtstags-edition-80530\/"},"wordCount":744,"commentCount":0,"publisher":{"@id":"https:\/\/poloplus10.com\/#organization"},"keywords":["Collection","coup\u00e9","Design","e-type","Edition","jaguar classic","JUbilee","Polo+10","poloplus10","roadster","Speed","Sports car"],"articleSection":["Art &amp; Design","Lifestyle","Polo News"],"inLanguage":"de","potentialAction":[{"@type":"CommentAction","name":"Comment","target":["https:\/\/poloplus10.com\/de\/jaguar-classic-feiert-2021-60-jahre-e-type-mit-exklusiver-geburtstags-edition-80530\/#respond"]}]},{"@type":"WebPage","@id":"https:\/\/poloplus10.com\/de\/jaguar-classic-feiert-2021-60-jahre-e-type-mit-exklusiver-geburtstags-edition-80530\/","url":"https:\/\/poloplus10.com\/de\/jaguar-classic-feiert-2021-60-jahre-e-type-mit-exklusiver-geburtstags-edition-80530\/","name":"Jaguar Classic feiert 2021 60 Jahre E-TYPE mit exklusiver Geburtstags-Edition - POLO+10","isPartOf":{"@id":"https:\/\/poloplus10.com\/#website"},"datePublished":"2020-08-13T03:57:20+00:00","dateModified":"2021-10-14T15:46:32+00:00","breadcrumb":{"@id":"https:\/\/poloplus10.com\/de\/jaguar-classic-feiert-2021-60-jahre-e-type-mit-exklusiver-geburtstags-edition-80530\/#breadcrumb"},"inLanguage":"de","potentialAction":[{"@type":"ReadAction","target":["https:\/\/poloplus10.com\/de\/jaguar-classic-feiert-2021-60-jahre-e-type-mit-exklusiver-geburtstags-edition-80530\/"]}]},{"@type":"BreadcrumbList","@id":"https:\/\/poloplus10.com\/de\/jaguar-classic-feiert-2021-60-jahre-e-type-mit-exklusiver-geburtstags-edition-80530\/#breadcrumb","itemListElement":[{"@type":"ListItem","position":1,"name":"Home","item":"https:\/\/poloplus10.com\/"},{"@type":"ListItem","position":2,"name":"Jaguar Classic feiert 2021 60 Jahre E-TYPE mit exklusiver Geburtstags-Edition"}]},{"@type":"WebSite","@id":"https:\/\/poloplus10.com\/#website","url":"https:\/\/poloplus10.com\/","name":"POLO+10","description":"The Polo Magazine","publisher":{"@id":"https:\/\/poloplus10.com\/#organization"},"potentialAction":[{"@type":"SearchAction","target":{"@type":"EntryPoint","urlTemplate":"https:\/\/poloplus10.com\/?s={search_term_string}"},"query-input":"required name=search_term_string"}],"inLanguage":"de"},{"@type":"Organization","@id":"https:\/\/poloplus10.com\/#organization","name":"POLO+10 GmbH","url":"https:\/\/poloplus10.com\/","sameAs":[],"logo":{"@type":"ImageObject","inLanguage":"de","@id":"https:\/\/poloplus10.com\/#\/schema\/logo\/image\/","url":"https:\/\/poloplus10.demo-on.de\/wp-content\/uploads\/2021\/07\/poloplus10_logo.png","contentUrl":"https:\/\/poloplus10.demo-on.de\/wp-content\/uploads\/2021\/07\/poloplus10_logo.png","width":300,"height":64,"caption":"POLO+10 GmbH"},"image":{"@id":"https:\/\/poloplus10.com\/#\/schema\/logo\/image\/"}},{"@type":"Person","@id":"https:\/\/poloplus10.com\/#\/schema\/person\/bbff47dbc1c0219469f09817682071d1","name":"admin_COxlas9lKLM7iM0yVVlmjWaAIl","sameAs":["https:\/\/poloplus10.com"],"url":"https:\/\/poloplus10.com\/de\/author\/admin_coxlas9lklm7im0yvvlmjwaail\/"}]}},"_links":{"self":[{"href":"https:\/\/poloplus10.com\/de\/wp-json\/wp\/v2\/posts\/62231"}],"collection":[{"href":"https:\/\/poloplus10.com\/de\/wp-json\/wp\/v2\/posts"}],"about":[{"href":"https:\/\/poloplus10.com\/de\/wp-json\/wp\/v2\/types\/post"}],"author":[{"embeddable":true,"href":"https:\/\/poloplus10.com\/de\/wp-json\/wp\/v2\/users\/1"}],"replies":[{"embeddable":true,"href":"https:\/\/poloplus10.com\/de\/wp-json\/wp\/v2\/comments?post=62231"}],"version-history":[{"count":1,"href":"https:\/\/poloplus10.com\/de\/wp-json\/wp\/v2\/posts\/62231\/revisions"}],"predecessor-version":[{"id":74826,"href":"https:\/\/poloplus10.com\/de\/wp-json\/wp\/v2\/posts\/62231\/revisions\/74826"}],"wp:featuredmedia":[{"embeddable":true,"href":"https:\/\/poloplus10.com\/de\/wp-json\/wp\/v2\/media\/62235"}],"wp:attachment":[{"href":"https:\/\/poloplus10.com\/de\/wp-json\/wp\/v2\/media?parent=62231"}],"wp:term":[{"taxonomy":"category","embeddable":true,"href":"https:\/\/poloplus10.com\/de\/wp-json\/wp\/v2\/categories?post=62231"},{"taxonomy":"post_tag","embeddable":true,"href":"https:\/\/poloplus10.com\/de\/wp-json\/wp\/v2\/tags?post=62231"},{"taxonomy":"powerkit_post_featured","embeddable":true,"href":"https:\/\/poloplus10.com\/de\/wp-json\/wp\/v2\/powerkit_post_featured?post=62231"}],"curies":[{"name":"wp","href":"https:\/\/api.w.org\/{rel}","templated":true}]}}