{"id":62456,"date":"2021-04-09T14:18:01","date_gmt":"2021-04-09T12:18:01","guid":{"rendered":"https:\/\/poloplus10.com\/in-erinnerung-ein-morgen-mit-marcos-uranga-in-dezember-2013\/"},"modified":"2021-10-14T17:47:13","modified_gmt":"2021-10-14T15:47:13","slug":"in-erinnerung-ein-morgen-mit-marcos-uranga-in-dezember-2013-84280","status":"publish","type":"post","link":"https:\/\/poloplus10.com\/de\/in-erinnerung-ein-morgen-mit-marcos-uranga-in-dezember-2013-84280\/","title":{"rendered":"In memory: Dezember 2013, Ein Morgen mit Marcos Uranga"},"content":{"rendered":"<p>Marcos Uranga 1936-2021<\/p>\n<h4 id=\"marcos-uranga-gruender-und-erster-praesident-der-federation-of-international-polo-fip-hat-sein-leben-lang-dafuer-gearbeitet-poloveranstaltungen-zu-organisieren-den-sport-zu-foerdern-und-bekannte\"><span style=\"color: #999999;\">Marcos Uranga, Gr\u00fcnder und erster Pr\u00e4sident der Federation of International Polo (FIP), hat sein Leben lang daf\u00fcr gearbeitet, Poloveranstaltungen zu organisieren, den Sport zu f\u00f6rdern und bekannter zu machen. POLO+10 hat ihn zu Hause in Buenos Aires pers\u00f6nlich getroffen.<\/span><\/h4>\n<p>&nbsp;<\/p>\n<p><strong>Text: Mar\u00eda Paula Fern\u00e1ndez, POLO+10<\/strong><\/p>\n<p>2013, im Rahmen der Argentine Open in Palermo, Buenos Aires in Argentinien, hatte POLO+10 eine einmalige Gelegenheit. Marcos Uranga, Gr\u00fcnder und erster Pr\u00e4sident der FIP, lud uns herzlich in sein Haus ein und wir hatten die Gelegenheit, ihm einige Fragen zu stellen. Dabei nahm er uns mit auf eine Reise in die Geschichte des Polosports und zeigte uns seine Sch\u00e4tze, die er \u00fcber die Jahre gesammelt hat. Mit seinen B\u00fcchern, Fotos, Troph\u00e4en und Medaillen gingen wir auf eine unvergessliche Reise durch die Geschichte des internationalen Polo.<\/p>\n<p>Wer Uranga trifft, erlebt einen Menschen, dessen ganzes Leben dem Polo gewidmet ist. Wie Horacio Laffaye in seinem Buch \u201eProfiles in Polo\u201c bemerkt, gibt es sicherlich niemanden, der sich mehr als Uranga darum verdient gemacht hat, die verschiedenen Vereinigungen und Verb\u00e4nde auf der ganzen Welt zu vers\u00f6hnen und der \u00fcber 70 L\u00e4nder in einer einzigen globalen Organisation vereint hat: dem Weltpoloverband Federation of International Polo. Der Verband feiert heute sein 30-j\u00e4hriges Bestehen, und sein Gr\u00fcndungspr\u00e4sident Uranga ist weiterhin aktiv.<\/p>\n<p>Marcos Uranga, geboren 1936 in Buenos Aires, ist der Sohn von Carlos Uranga und Susana Rey. Er besuchte die Belgrano Day School, eine bilinguale englische Traditionsschule in Belgrano, einem Stadtteil von Buenos Aires. Zun\u00e4chst begann er dort mit einem anderen Sport, wechselte aber sp\u00e4ter zu Polo: Urangas Wurzeln liegen im Rugby. \u201eDank meiner Wurzeln im Rugby, hatte ich die Vorstellung von einem Verband als einer globalen Familie. Teamgeist, Training und die Arbeit als Coach f\u00fcr diesen Sport erweiterten meine allgemeine sportliche Vision.\u201c Marcos begann, Polo als Ausgleichs- und Familiensport zu spielen und wurde vom Vater unterrichtet. Sp\u00e4ter wurde er Kapit\u00e4n des Jockey Club Teams, zeitweise einer der wohlhabendsten Clubs weltweit.<\/p>\n<p>Auf die Frage, welches seine wichtigsten Meilensteine als Polospieler seien, erw\u00e4hnt er besonders das Spiel und den Sieg der ersten Weltmeisterschaft der Polo Clubs. Hier hatte er die Idee, einen Verband zu gr\u00fcnden: Damit dieses Turnier stattfinden konnte, mussten das Gastteam Argentinien sowie der Jockey Club daf\u00fcr sorgen, dass Pferde f\u00fcr alle Spieler vorhanden waren. Zu der Zeit war Marcos Uranga Vizepr\u00e4sident des Argentinischen Poloverbandes. Er entwickelte den Gedanken, das Konzept der Weltmeisterschaft der Polo Clubs zu erweitern \u2013 dies war die Grundidee des Verbandes. 1982 lud der Argentinische Poloverband alle nationalen Verb\u00e4nde zu einem Treffen ein mit dem Ziel, ihre Kr\u00e4fte zu b\u00fcndeln. Erreicht werden sollte unter anderem, eine Stimme im Olympischen Komitee zu bekommen, Wettk\u00e4mpfe zu f\u00f6rdern, Poloregeln zu vereinfachen und die weitere Entwicklung des Sports voranzutreiben. Auf dieses Treffen im Jockey Club in Buenos Aires folgte die Gr\u00fcndung des Weltpoloverbandes, mit Marcos Uranga als gew\u00e4hltem Pr\u00e4sidenten.<\/p>\n<p>Uranga ist nicht nur eine anerkannte Pers\u00f6nlichkeit des Polosports, sondern auch Experte f\u00fcr Landwirtschaft und andere den l\u00e4ndlichen Raum betreffende Themen. Er war au\u00dferordentlich erfolgreich in Top-Positionen in Argentinien, z.B. als Direktor der Banco de la Naci\u00f3n Argentina (die argentinische Staatsbank); er arbeitete f\u00fcr die Sociedad Rural Argentina (argentinische Gesellschaft f\u00fcr l\u00e4ndliche Entwicklung) und war Stellvertreter des Landwirtschaftsministers. Zusammen mit Ignacio Uranga leitete Marcos Uranga \u00fcber seine gesamte berufliche Laufbahn sein Anwesen, das auch heute noch solide und erfolgreich arbeitet.<\/p>\n<p>Als er \u00fcber seine wichtigsten Ziele bei der Gr\u00fcndung des Verbandes spricht, sagt Uranga: \u201eMeine Absicht war es, eine gro\u00dfe internationale Polofamilie zu bilden, eine heterogene Gruppe, was die Nationen betrifft, aber homogen in ihrer Affinit\u00e4t zum Polo. Ich glaube, das Ziel des Sports ist es, die Menschen, die Nationen und vor allem die Familien zu verbinden. Wir m\u00fcssen den Sport zusammen mit den jungen Menschen aus\u00fcben, international, ohne auf den Wettkampf zu schauen, sondern auf die Kameradschaft zwischen allen Spielern.\u201c Er betont: \u201eIm Polosport beginnt die Kameradschaft gleich am Anfang, wenn ein Spieler der Heimmannschaft einem fremden Spieler sein Pferd \u00fcberl\u00e4sst; die Gro\u00dfz\u00fcgigkeit dieser Geste entspricht der wahren Ritterlichkeit des Polospielers, ungeachtet des Wettkampfs und der verschiedenen Teams\u201c, und er f\u00e4hrt fort, \u201eIch bin jetzt 76 Jahre alt und mein Kreis hat sich geschlossen. Ich glaube an die Rotation der \u00c4mter und daran, dass es wichtig ist, jeder einzelnen Nation eine Stimme zu geben. Wollen wir wachsen, m\u00fcssen wir uns erneuern. Der Sport steht niemals still und so sollte es auch beim Verband sein. Ich habe ein Projekt angesto\u00dfen und es w\u00e4chst und gedeiht nun \u00fcberall auf der Welt, sogar in weit entfernt liegenden Gegenden wie China. So entstehen Verbindungen zwischen L\u00e4ndern, Pers\u00f6nlichkeiten, Regierungen, Spielern und Familien: Dies ist das gr\u00f6\u00dfte Verm\u00e4chtnis, das ich jemals hinterlassen konnte\u201c.<\/p>\n<p>Marcos Uranga ist sehr gl\u00fccklich \u00fcber die vielen jungen Polospieler in Argentinien. Er erw\u00e4hnt, dass er nach dem Interview seinen Enkelkindern, die in Nachwuchsligen spielen, zuschauen werde und er spricht \u00fcber die vielen Kinder, die in Argentinien bereits in sehr jungen Jahren anfangen zu spielen: \u201eDas Wunderbare sind meine 20 Enkelkinder, sieben S\u00f6hne und T\u00f6chter. Eine Tochter, Paula, ist mit Alberto \u201aPepe\u2019 Heguy verheiratet, selbst eine Pololegende. Sehe ich meine Enkelkinder spielen, f\u00fchle ich tiefe Freude dar\u00fcber, dass ich die M\u00f6glichkeit habe, ihnen zu helfen, und dar\u00fcber, sie mit ihren Eltern spielen zu sehen. Das ist die sch\u00f6nste Belohnung nach all diesen Jahren der Arbeit.\u201c<\/p>\n<p>Auf die Frage, ob die FIP die wichtigsten ihrer Ziele erreicht habe, hat Uranga nur eine einzige Antwort: ein entschiedenes Ja. V\u00f6llig unerwartet, als wir gerade dabei sind unser Interview zu beenden, ruft Glen Holden an (fr\u00fcherer Pr\u00e4sident der FIP und unter anderem Botschafter der USA in Jamaika). Uranga verabredet sich zum Mittagessen am selben Tag mit ihm, und sie kommen \u00fcberein, danach zum gemeinsamen Polospiel ihrer S\u00f6hne zu gehen. Nach dem Telefonat sagt er nur: \u201eSehen Sie? Das ist der wahre Geist des Polo \u2013 wir sind eine richtige Familie!\u201c Marcos Uranga f\u00fchlt sich rundum zufrieden und stolz auf die Leistungen der \u201ePolofamilie\u201c, deren Grundstein er einst legte \u2013 und das kann er auch zu Recht sein.<\/p>\n<p><strong>Bildergalerie:<\/strong><br \/>\n[nggallery id=348]\n<a href=\"http:\/\/www.fippolo.com\" target=\"_blank\" rel=\"noopener\">www.fippolo.com<\/a><\/p>\n","protected":false},"excerpt":{"rendered":"<p>Marcos Uranga 1936-2021 Marcos Uranga, Gr\u00fcnder und erster Pr\u00e4sident der Federation of International Polo (FIP), hat sein Leben lang daf\u00fcr gearbeitet, Poloveranstaltungen zu organisieren, den Sport zu f\u00f6rdern und bekannter&hellip;<\/p>\n","protected":false},"author":1,"featured_media":62457,"comment_status":"open","ping_status":"open","sticky":false,"template":"","format":"standard","meta":{"_monsterinsights_skip_tracking":false,"_monsterinsights_sitenote_active":false,"_monsterinsights_sitenote_note":"","_monsterinsights_sitenote_category":0},"categories":[5658,5660],"tags":[1278,1103,2139,38],"powerkit_post_featured":[],"acf":[],"yoast_head":"<!-- This site is optimized with the Yoast SEO plugin v19.6.1 - https:\/\/yoast.com\/wordpress\/plugins\/seo\/ -->\n<title>In memory: Dezember 2013, Ein Morgen mit Marcos Uranga - POLO+10<\/title>\n<meta name=\"robots\" content=\"index, follow, max-snippet:-1, max-image-preview:large, max-video-preview:-1\" \/>\n<link rel=\"canonical\" href=\"https:\/\/poloplus10.com\/de\/in-erinnerung-ein-morgen-mit-marcos-uranga-in-dezember-2013-84280\/\" \/>\n<meta property=\"og:locale\" content=\"de_DE\" \/>\n<meta property=\"og:type\" content=\"article\" \/>\n<meta property=\"og:title\" content=\"In memory: Dezember 2013, Ein Morgen mit Marcos Uranga - POLO+10\" \/>\n<meta property=\"og:description\" content=\"Marcos Uranga 1936-2021 Marcos Uranga, Gr\u00fcnder und erster Pr\u00e4sident der Federation of International Polo (FIP), hat sein Leben lang daf\u00fcr gearbeitet, Poloveranstaltungen zu organisieren, den Sport zu f\u00f6rdern und bekannter&hellip;\" \/>\n<meta property=\"og:url\" content=\"https:\/\/poloplus10.com\/de\/in-erinnerung-ein-morgen-mit-marcos-uranga-in-dezember-2013-84280\/\" \/>\n<meta property=\"og:site_name\" content=\"POLO+10\" \/>\n<meta property=\"article:published_time\" content=\"2021-04-09T12:18:01+00:00\" \/>\n<meta property=\"article:modified_time\" content=\"2021-10-14T15:47:13+00:00\" \/>\n<meta property=\"og:image\" content=\"https:\/\/poloplus10.com\/wp-content\/uploads\/2021\/07\/marcos-uranga-1-1.jpg\" \/>\n\t<meta property=\"og:image:width\" content=\"750\" \/>\n\t<meta property=\"og:image:height\" content=\"525\" \/>\n\t<meta property=\"og:image:type\" content=\"image\/jpeg\" \/>\n<meta name=\"author\" content=\"admin_COxlas9lKLM7iM0yVVlmjWaAIl\" \/>\n<meta name=\"twitter:card\" content=\"summary_large_image\" \/>\n<meta name=\"twitter:label1\" content=\"Verfasst von\" \/>\n\t<meta name=\"twitter:data1\" content=\"admin_COxlas9lKLM7iM0yVVlmjWaAIl\" \/>\n\t<meta name=\"twitter:label2\" content=\"Gesch\u00e4tzte Lesezeit\" \/>\n\t<meta name=\"twitter:data2\" content=\"5\u00a0Minuten\" \/>\n<script type=\"application\/ld+json\" class=\"yoast-schema-graph\">{\"@context\":\"https:\/\/schema.org\",\"@graph\":[{\"@type\":\"Article\",\"@id\":\"https:\/\/poloplus10.com\/de\/in-erinnerung-ein-morgen-mit-marcos-uranga-in-dezember-2013-84280\/#article\",\"isPartOf\":{\"@id\":\"https:\/\/poloplus10.com\/de\/in-erinnerung-ein-morgen-mit-marcos-uranga-in-dezember-2013-84280\/\"},\"author\":{\"name\":\"admin_COxlas9lKLM7iM0yVVlmjWaAIl\",\"@id\":\"https:\/\/poloplus10.com\/#\/schema\/person\/bbff47dbc1c0219469f09817682071d1\"},\"headline\":\"In memory: Dezember 2013, Ein Morgen mit Marcos Uranga\",\"datePublished\":\"2021-04-09T12:18:01+00:00\",\"dateModified\":\"2021-10-14T15:47:13+00:00\",\"mainEntityOfPage\":{\"@id\":\"https:\/\/poloplus10.com\/de\/in-erinnerung-ein-morgen-mit-marcos-uranga-in-dezember-2013-84280\/\"},\"wordCount\":1073,\"commentCount\":0,\"publisher\":{\"@id\":\"https:\/\/poloplus10.com\/#organization\"},\"keywords\":[\"Argentine Polo Association\",\"Federation of International Polo (FIP)\",\"Marcos Uranga\",\"Polo\"],\"articleSection\":[\"Personalities &amp; Clubs\",\"Polo News\"],\"inLanguage\":\"de\",\"potentialAction\":[{\"@type\":\"CommentAction\",\"name\":\"Comment\",\"target\":[\"https:\/\/poloplus10.com\/de\/in-erinnerung-ein-morgen-mit-marcos-uranga-in-dezember-2013-84280\/#respond\"]}]},{\"@type\":\"WebPage\",\"@id\":\"https:\/\/poloplus10.com\/de\/in-erinnerung-ein-morgen-mit-marcos-uranga-in-dezember-2013-84280\/\",\"url\":\"https:\/\/poloplus10.com\/de\/in-erinnerung-ein-morgen-mit-marcos-uranga-in-dezember-2013-84280\/\",\"name\":\"In memory: Dezember 2013, Ein Morgen mit Marcos Uranga - POLO+10\",\"isPartOf\":{\"@id\":\"https:\/\/poloplus10.com\/#website\"},\"datePublished\":\"2021-04-09T12:18:01+00:00\",\"dateModified\":\"2021-10-14T15:47:13+00:00\",\"breadcrumb\":{\"@id\":\"https:\/\/poloplus10.com\/de\/in-erinnerung-ein-morgen-mit-marcos-uranga-in-dezember-2013-84280\/#breadcrumb\"},\"inLanguage\":\"de\",\"potentialAction\":[{\"@type\":\"ReadAction\",\"target\":[\"https:\/\/poloplus10.com\/de\/in-erinnerung-ein-morgen-mit-marcos-uranga-in-dezember-2013-84280\/\"]}]},{\"@type\":\"BreadcrumbList\",\"@id\":\"https:\/\/poloplus10.com\/de\/in-erinnerung-ein-morgen-mit-marcos-uranga-in-dezember-2013-84280\/#breadcrumb\",\"itemListElement\":[{\"@type\":\"ListItem\",\"position\":1,\"name\":\"Home\",\"item\":\"https:\/\/poloplus10.com\/\"},{\"@type\":\"ListItem\",\"position\":2,\"name\":\"In memory: Dezember 2013, Ein Morgen mit Marcos Uranga\"}]},{\"@type\":\"WebSite\",\"@id\":\"https:\/\/poloplus10.com\/#website\",\"url\":\"https:\/\/poloplus10.com\/\",\"name\":\"POLO+10\",\"description\":\"The Polo Magazine\",\"publisher\":{\"@id\":\"https:\/\/poloplus10.com\/#organization\"},\"potentialAction\":[{\"@type\":\"SearchAction\",\"target\":{\"@type\":\"EntryPoint\",\"urlTemplate\":\"https:\/\/poloplus10.com\/?s={search_term_string}\"},\"query-input\":\"required name=search_term_string\"}],\"inLanguage\":\"de\"},{\"@type\":\"Organization\",\"@id\":\"https:\/\/poloplus10.com\/#organization\",\"name\":\"POLO+10 GmbH\",\"url\":\"https:\/\/poloplus10.com\/\",\"sameAs\":[],\"logo\":{\"@type\":\"ImageObject\",\"inLanguage\":\"de\",\"@id\":\"https:\/\/poloplus10.com\/#\/schema\/logo\/image\/\",\"url\":\"https:\/\/poloplus10.demo-on.de\/wp-content\/uploads\/2021\/07\/poloplus10_logo.png\",\"contentUrl\":\"https:\/\/poloplus10.demo-on.de\/wp-content\/uploads\/2021\/07\/poloplus10_logo.png\",\"width\":300,\"height\":64,\"caption\":\"POLO+10 GmbH\"},\"image\":{\"@id\":\"https:\/\/poloplus10.com\/#\/schema\/logo\/image\/\"}},{\"@type\":\"Person\",\"@id\":\"https:\/\/poloplus10.com\/#\/schema\/person\/bbff47dbc1c0219469f09817682071d1\",\"name\":\"admin_COxlas9lKLM7iM0yVVlmjWaAIl\",\"sameAs\":[\"https:\/\/poloplus10.com\"],\"url\":\"https:\/\/poloplus10.com\/de\/author\/admin_coxlas9lklm7im0yvvlmjwaail\/\"}]}<\/script>\n<!-- \/ Yoast SEO plugin. -->","yoast_head_json":{"title":"In memory: Dezember 2013, Ein Morgen mit Marcos Uranga - POLO+10","robots":{"index":"index","follow":"follow","max-snippet":"max-snippet:-1","max-image-preview":"max-image-preview:large","max-video-preview":"max-video-preview:-1"},"canonical":"https:\/\/poloplus10.com\/de\/in-erinnerung-ein-morgen-mit-marcos-uranga-in-dezember-2013-84280\/","og_locale":"de_DE","og_type":"article","og_title":"In memory: Dezember 2013, Ein Morgen mit Marcos Uranga - POLO+10","og_description":"Marcos Uranga 1936-2021 Marcos Uranga, Gr\u00fcnder und erster Pr\u00e4sident der Federation of International Polo (FIP), hat sein Leben lang daf\u00fcr gearbeitet, Poloveranstaltungen zu organisieren, den Sport zu f\u00f6rdern und bekannter&hellip;","og_url":"https:\/\/poloplus10.com\/de\/in-erinnerung-ein-morgen-mit-marcos-uranga-in-dezember-2013-84280\/","og_site_name":"POLO+10","article_published_time":"2021-04-09T12:18:01+00:00","article_modified_time":"2021-10-14T15:47:13+00:00","og_image":[{"width":750,"height":525,"url":"https:\/\/poloplus10.com\/wp-content\/uploads\/2021\/07\/marcos-uranga-1-1.jpg","type":"image\/jpeg"}],"author":"admin_COxlas9lKLM7iM0yVVlmjWaAIl","twitter_card":"summary_large_image","twitter_misc":{"Verfasst von":"admin_COxlas9lKLM7iM0yVVlmjWaAIl","Gesch\u00e4tzte Lesezeit":"5\u00a0Minuten"},"schema":{"@context":"https:\/\/schema.org","@graph":[{"@type":"Article","@id":"https:\/\/poloplus10.com\/de\/in-erinnerung-ein-morgen-mit-marcos-uranga-in-dezember-2013-84280\/#article","isPartOf":{"@id":"https:\/\/poloplus10.com\/de\/in-erinnerung-ein-morgen-mit-marcos-uranga-in-dezember-2013-84280\/"},"author":{"name":"admin_COxlas9lKLM7iM0yVVlmjWaAIl","@id":"https:\/\/poloplus10.com\/#\/schema\/person\/bbff47dbc1c0219469f09817682071d1"},"headline":"In memory: Dezember 2013, Ein Morgen mit Marcos Uranga","datePublished":"2021-04-09T12:18:01+00:00","dateModified":"2021-10-14T15:47:13+00:00","mainEntityOfPage":{"@id":"https:\/\/poloplus10.com\/de\/in-erinnerung-ein-morgen-mit-marcos-uranga-in-dezember-2013-84280\/"},"wordCount":1073,"commentCount":0,"publisher":{"@id":"https:\/\/poloplus10.com\/#organization"},"keywords":["Argentine Polo Association","Federation of International Polo (FIP)","Marcos Uranga","Polo"],"articleSection":["Personalities &amp; Clubs","Polo News"],"inLanguage":"de","potentialAction":[{"@type":"CommentAction","name":"Comment","target":["https:\/\/poloplus10.com\/de\/in-erinnerung-ein-morgen-mit-marcos-uranga-in-dezember-2013-84280\/#respond"]}]},{"@type":"WebPage","@id":"https:\/\/poloplus10.com\/de\/in-erinnerung-ein-morgen-mit-marcos-uranga-in-dezember-2013-84280\/","url":"https:\/\/poloplus10.com\/de\/in-erinnerung-ein-morgen-mit-marcos-uranga-in-dezember-2013-84280\/","name":"In memory: Dezember 2013, Ein Morgen mit Marcos Uranga - POLO+10","isPartOf":{"@id":"https:\/\/poloplus10.com\/#website"},"datePublished":"2021-04-09T12:18:01+00:00","dateModified":"2021-10-14T15:47:13+00:00","breadcrumb":{"@id":"https:\/\/poloplus10.com\/de\/in-erinnerung-ein-morgen-mit-marcos-uranga-in-dezember-2013-84280\/#breadcrumb"},"inLanguage":"de","potentialAction":[{"@type":"ReadAction","target":["https:\/\/poloplus10.com\/de\/in-erinnerung-ein-morgen-mit-marcos-uranga-in-dezember-2013-84280\/"]}]},{"@type":"BreadcrumbList","@id":"https:\/\/poloplus10.com\/de\/in-erinnerung-ein-morgen-mit-marcos-uranga-in-dezember-2013-84280\/#breadcrumb","itemListElement":[{"@type":"ListItem","position":1,"name":"Home","item":"https:\/\/poloplus10.com\/"},{"@type":"ListItem","position":2,"name":"In memory: Dezember 2013, Ein Morgen mit Marcos Uranga"}]},{"@type":"WebSite","@id":"https:\/\/poloplus10.com\/#website","url":"https:\/\/poloplus10.com\/","name":"POLO+10","description":"The Polo Magazine","publisher":{"@id":"https:\/\/poloplus10.com\/#organization"},"potentialAction":[{"@type":"SearchAction","target":{"@type":"EntryPoint","urlTemplate":"https:\/\/poloplus10.com\/?s={search_term_string}"},"query-input":"required name=search_term_string"}],"inLanguage":"de"},{"@type":"Organization","@id":"https:\/\/poloplus10.com\/#organization","name":"POLO+10 GmbH","url":"https:\/\/poloplus10.com\/","sameAs":[],"logo":{"@type":"ImageObject","inLanguage":"de","@id":"https:\/\/poloplus10.com\/#\/schema\/logo\/image\/","url":"https:\/\/poloplus10.demo-on.de\/wp-content\/uploads\/2021\/07\/poloplus10_logo.png","contentUrl":"https:\/\/poloplus10.demo-on.de\/wp-content\/uploads\/2021\/07\/poloplus10_logo.png","width":300,"height":64,"caption":"POLO+10 GmbH"},"image":{"@id":"https:\/\/poloplus10.com\/#\/schema\/logo\/image\/"}},{"@type":"Person","@id":"https:\/\/poloplus10.com\/#\/schema\/person\/bbff47dbc1c0219469f09817682071d1","name":"admin_COxlas9lKLM7iM0yVVlmjWaAIl","sameAs":["https:\/\/poloplus10.com"],"url":"https:\/\/poloplus10.com\/de\/author\/admin_coxlas9lklm7im0yvvlmjwaail\/"}]}},"_links":{"self":[{"href":"https:\/\/poloplus10.com\/de\/wp-json\/wp\/v2\/posts\/62456"}],"collection":[{"href":"https:\/\/poloplus10.com\/de\/wp-json\/wp\/v2\/posts"}],"about":[{"href":"https:\/\/poloplus10.com\/de\/wp-json\/wp\/v2\/types\/post"}],"author":[{"embeddable":true,"href":"https:\/\/poloplus10.com\/de\/wp-json\/wp\/v2\/users\/1"}],"replies":[{"embeddable":true,"href":"https:\/\/poloplus10.com\/de\/wp-json\/wp\/v2\/comments?post=62456"}],"version-history":[{"count":1,"href":"https:\/\/poloplus10.com\/de\/wp-json\/wp\/v2\/posts\/62456\/revisions"}],"predecessor-version":[{"id":74859,"href":"https:\/\/poloplus10.com\/de\/wp-json\/wp\/v2\/posts\/62456\/revisions\/74859"}],"wp:featuredmedia":[{"embeddable":true,"href":"https:\/\/poloplus10.com\/de\/wp-json\/wp\/v2\/media\/62457"}],"wp:attachment":[{"href":"https:\/\/poloplus10.com\/de\/wp-json\/wp\/v2\/media?parent=62456"}],"wp:term":[{"taxonomy":"category","embeddable":true,"href":"https:\/\/poloplus10.com\/de\/wp-json\/wp\/v2\/categories?post=62456"},{"taxonomy":"post_tag","embeddable":true,"href":"https:\/\/poloplus10.com\/de\/wp-json\/wp\/v2\/tags?post=62456"},{"taxonomy":"powerkit_post_featured","embeddable":true,"href":"https:\/\/poloplus10.com\/de\/wp-json\/wp\/v2\/powerkit_post_featured?post=62456"}],"curies":[{"name":"wp","href":"https:\/\/api.w.org\/{rel}","templated":true}]}}