{"id":62509,"date":"2021-04-28T11:40:39","date_gmt":"2021-04-28T09:40:39","guid":{"rendered":"https:\/\/poloplus10.com\/die-fahne-ist-gehisst\/"},"modified":"2021-10-14T17:47:21","modified_gmt":"2021-10-14T15:47:21","slug":"die-fahne-ist-gehisst-84780","status":"publish","type":"post","link":"https:\/\/poloplus10.com\/de\/die-fahne-ist-gehisst-84780\/","title":{"rendered":"Die Fahne ist gehisst!"},"content":{"rendered":"<p><strong>Startschuss in den Glamour-Sommer: Ab 28. April tankt der internationale Jetset wieder italienische Sommerluft in der legend\u00e4ren Villa d\u2019Este am Comer See<\/strong><\/p>\n<p><strong>M\u00fcnchen \/ Cernobbio, 28. April 2021<\/strong> \u2013 Getreu dem Motto \u201eDarf\u2018s ein bisschen mehr sein?\u201c startet die Saison in einem der ber\u00fchmtesten Luxushotels der Welt, in der Villa d\u2019Este am Comer See. Der Auftakt gleicht einem Festakt, zu dem sich das gesamte Hotelpersonal, noch ohne G\u00e4ste, vor dem einstigen Sommerpalast des italienischen Kardinals Ippolito II d&#8217;Este versammelt. Alle Blicke richten sich nach oben, wenn der Chefconcierge am Tag der Er\u00f6ffnung die Fahne hisst. Dann kommen sie alle: anspruchsvolle Traveller und Gourmets, die Royals, der internationale Jetset und legend\u00e4re Hollywood-Stars, um am ber\u00fchmtesten Pool Italiens Dolce Vita zu genie\u00dfen. Weitere Informationen unter:<\/p>\n<p><a href=\"http:\/\/www.villadeste.com\">www.villadeste.com<\/a><\/p>\n<h6 id=\"villa-deste\"><img decoding=\"async\" loading=\"lazy\" class=\"alignnone size-medium wp-image-84784\" src=\"https:\/\/poloplus10.com\/wp-content\/uploads\/2021\/07\/drone-view-pool-and-cardinal-building-2.jpeg\" alt=\"\" width=\"542\" height=\"406\"><br \/>\n\u00a9Villa d\u2019Este<\/h6>\n<p>Auf dem weitl\u00e4ufigen Areal der Villa d\u2019Este mitsamt dem historischen Park ist viel Platz f\u00fcr alle, die einfach nur den Blick auf einen der sch\u00f6nsten Seen Oberitaliens genie\u00dfen m\u00f6chten, die sich zum Sundowner auf der Terrasse zum Apero verabreden oder die hochgelobte K\u00fcche von Chefkoch Michele Zambanini im Hauptrestaurant \u201eLa Veranda\u201c erleben m\u00f6chten. Neben den Zimmern und Suiten warten vier edle Privatvillen auf G\u00e4ste, die alle komplett gemietet werden k\u00f6nnen und absolute Privatsph\u00e4re sowie luxuri\u00f6se Gem\u00fctlichkeit f\u00fcr Freunde und Familien versprechen: die direkt am Seeufer gelegene Villa Cima, die Villen Garrovo und Malakoff sowie das Mosaic House, alle drei mit See- und Gartenblick. Auch f\u00fcr sportlichen Ausgleich bietet das Haus gen\u00fcgend Abwechslung und Freiraum: Acht Tennispl\u00e4tze mit See- und Parkblick, ein Joggingpfad und der Villa d\u2019Este Golf Club laden G\u00e4ste zum aktiv sein ein. Nach einem entspannten Urlaubstag haben fast alle einen Lieblingsort am Comer See: den auf dem See schwebenden Pool der Villa d\u2019Este mit seinem Sonnendeck und einladenden Liegest\u00fchlen, denn hier scheint den ganzen Tag die Sonne.<\/p>\n<h6 id=\"villa-deste-2\"><img decoding=\"async\" loading=\"lazy\" class=\"alignnone size-medium wp-image-84787\" src=\"https:\/\/poloplus10.com\/wp-content\/uploads\/2021\/07\/breakfast-on-the-lake-terrace-2.jpeg\" alt=\"\" width=\"580\" height=\"387\"><br \/>\n\u00a9Villa d\u2019Este<\/h6>\n<p><strong>\u00dcber Villa d\u2018Este<\/strong><\/p>\n<p>Die zu den The Leading Hotels of the World geh\u00f6rende Villa d\u2018Este beherbergt 152 Zimmer und Luxussuiten sowie vier edle Privatvillen und liegt direkt am Ufer des Comer Sees, der mit seiner beeindruckenden Landschaft als sch\u00f6nster See Italiens gilt und f\u00fcr viel Glamour steht. Das legend\u00e4re Anwesen beeindruckt nicht nur mit seiner au\u00dfergew\u00f6hnlichen Atmosph\u00e4re und der unter Denkmalschutz stehenden Architektur, sondern auch mit seiner weitl\u00e4ufigen Parkanlage, dem ber\u00fchmten Nymph\u00e4um mit seinen zahlreichen Brunnen und Wasserspiele und dem auf dem See schwebenden Pool. Die Villa d\u00b4Este liegt rund 40 Autominuten vom Flughafen Mailand-Malpensa entfernt. Weitere Informationen unter :<\/p>\n<p><a href=\"http:\/\/www.villadeste.com\">www.villadeste.com<\/a><\/p>\n<p>&nbsp;<\/p>\n<p>&nbsp;<\/p>\n<p><a href=\"https:\/\/www.poloplus10.com\/advertising-rates\/\"><img decoding=\"async\" loading=\"lazy\" class=\" wp-image-83569 aligncenter\" src=\"https:\/\/poloplus10.com\/wp-content\/uploads\/2021\/07\/book_this_banner_sidebar-1-102.png\" alt=\"\" width=\"345\" height=\"287\"><\/a><\/p>\n","protected":false},"excerpt":{"rendered":"<p>Startschuss in den Glamour-Sommer: Ab 28. April tankt der internationale Jetset wieder italienische Sommerluft in der legend\u00e4ren Villa d\u2019Este am Comer See M\u00fcnchen \/ Cernobbio, 28. April 2021 \u2013 Getreu&hellip;<\/p>\n","protected":false},"author":1,"featured_media":62519,"comment_status":"open","ping_status":"open","sticky":false,"template":"","format":"standard","meta":{"_monsterinsights_skip_tracking":false,"_monsterinsights_sitenote_active":false,"_monsterinsights_sitenote_note":"","_monsterinsights_sitenote_category":0},"categories":[5668,5646,5660],"tags":[5588,5589,55,41,4862,5590],"powerkit_post_featured":[],"acf":[],"yoast_head":"<!-- This site is optimized with the Yoast SEO plugin v19.6.1 - https:\/\/yoast.com\/wordpress\/plugins\/seo\/ -->\n<title>Die Fahne ist gehisst! - POLO+10<\/title>\n<meta name=\"robots\" content=\"index, follow, max-snippet:-1, max-image-preview:large, max-video-preview:-1\" \/>\n<link rel=\"canonical\" href=\"https:\/\/poloplus10.com\/de\/die-fahne-ist-gehisst-84780\/\" \/>\n<meta property=\"og:locale\" content=\"de_DE\" \/>\n<meta property=\"og:type\" content=\"article\" \/>\n<meta property=\"og:title\" content=\"Die Fahne ist gehisst! - POLO+10\" \/>\n<meta property=\"og:description\" content=\"Startschuss in den Glamour-Sommer: Ab 28. April tankt der internationale Jetset wieder italienische Sommerluft in der legend\u00e4ren Villa d\u2019Este am Comer See M\u00fcnchen \/ Cernobbio, 28. April 2021 \u2013 Getreu&hellip;\" \/>\n<meta property=\"og:url\" content=\"https:\/\/poloplus10.com\/de\/die-fahne-ist-gehisst-84780\/\" \/>\n<meta property=\"og:site_name\" content=\"POLO+10\" \/>\n<meta property=\"article:published_time\" content=\"2021-04-28T09:40:39+00:00\" \/>\n<meta property=\"article:modified_time\" content=\"2021-10-14T15:47:21+00:00\" \/>\n<meta property=\"og:image\" content=\"https:\/\/poloplus10.com\/wp-content\/uploads\/2021\/07\/villa-1-2.jpg\" \/>\n\t<meta property=\"og:image:width\" content=\"750\" \/>\n\t<meta property=\"og:image:height\" content=\"525\" \/>\n\t<meta property=\"og:image:type\" content=\"image\/jpeg\" \/>\n<meta name=\"author\" content=\"admin_COxlas9lKLM7iM0yVVlmjWaAIl\" \/>\n<meta name=\"twitter:card\" content=\"summary_large_image\" \/>\n<meta name=\"twitter:label1\" content=\"Verfasst von\" \/>\n\t<meta name=\"twitter:data1\" content=\"admin_COxlas9lKLM7iM0yVVlmjWaAIl\" \/>\n\t<meta name=\"twitter:label2\" content=\"Gesch\u00e4tzte Lesezeit\" \/>\n\t<meta name=\"twitter:data2\" content=\"2\u00a0Minuten\" \/>\n<script type=\"application\/ld+json\" class=\"yoast-schema-graph\">{\"@context\":\"https:\/\/schema.org\",\"@graph\":[{\"@type\":\"Article\",\"@id\":\"https:\/\/poloplus10.com\/de\/die-fahne-ist-gehisst-84780\/#article\",\"isPartOf\":{\"@id\":\"https:\/\/poloplus10.com\/de\/die-fahne-ist-gehisst-84780\/\"},\"author\":{\"name\":\"admin_COxlas9lKLM7iM0yVVlmjWaAIl\",\"@id\":\"https:\/\/poloplus10.com\/#\/schema\/person\/bbff47dbc1c0219469f09817682071d1\"},\"headline\":\"Die Fahne ist gehisst!\",\"datePublished\":\"2021-04-28T09:40:39+00:00\",\"dateModified\":\"2021-10-14T15:47:21+00:00\",\"mainEntityOfPage\":{\"@id\":\"https:\/\/poloplus10.com\/de\/die-fahne-ist-gehisst-84780\/\"},\"wordCount\":447,\"commentCount\":0,\"publisher\":{\"@id\":\"https:\/\/poloplus10.com\/#organization\"},\"keywords\":[\"Comer See\",\"Gourmet\",\"Hotel\",\"Polo+10\",\"royal\",\"Villa d\u2018Este\"],\"articleSection\":[\"Europa\",\"Lifestyle\",\"Polo News\"],\"inLanguage\":\"de\",\"potentialAction\":[{\"@type\":\"CommentAction\",\"name\":\"Comment\",\"target\":[\"https:\/\/poloplus10.com\/de\/die-fahne-ist-gehisst-84780\/#respond\"]}]},{\"@type\":\"WebPage\",\"@id\":\"https:\/\/poloplus10.com\/de\/die-fahne-ist-gehisst-84780\/\",\"url\":\"https:\/\/poloplus10.com\/de\/die-fahne-ist-gehisst-84780\/\",\"name\":\"Die Fahne ist gehisst! - POLO+10\",\"isPartOf\":{\"@id\":\"https:\/\/poloplus10.com\/#website\"},\"datePublished\":\"2021-04-28T09:40:39+00:00\",\"dateModified\":\"2021-10-14T15:47:21+00:00\",\"breadcrumb\":{\"@id\":\"https:\/\/poloplus10.com\/de\/die-fahne-ist-gehisst-84780\/#breadcrumb\"},\"inLanguage\":\"de\",\"potentialAction\":[{\"@type\":\"ReadAction\",\"target\":[\"https:\/\/poloplus10.com\/de\/die-fahne-ist-gehisst-84780\/\"]}]},{\"@type\":\"BreadcrumbList\",\"@id\":\"https:\/\/poloplus10.com\/de\/die-fahne-ist-gehisst-84780\/#breadcrumb\",\"itemListElement\":[{\"@type\":\"ListItem\",\"position\":1,\"name\":\"Home\",\"item\":\"https:\/\/poloplus10.com\/\"},{\"@type\":\"ListItem\",\"position\":2,\"name\":\"Die Fahne ist gehisst!\"}]},{\"@type\":\"WebSite\",\"@id\":\"https:\/\/poloplus10.com\/#website\",\"url\":\"https:\/\/poloplus10.com\/\",\"name\":\"POLO+10\",\"description\":\"The Polo Magazine\",\"publisher\":{\"@id\":\"https:\/\/poloplus10.com\/#organization\"},\"potentialAction\":[{\"@type\":\"SearchAction\",\"target\":{\"@type\":\"EntryPoint\",\"urlTemplate\":\"https:\/\/poloplus10.com\/?s={search_term_string}\"},\"query-input\":\"required name=search_term_string\"}],\"inLanguage\":\"de\"},{\"@type\":\"Organization\",\"@id\":\"https:\/\/poloplus10.com\/#organization\",\"name\":\"POLO+10 GmbH\",\"url\":\"https:\/\/poloplus10.com\/\",\"sameAs\":[],\"logo\":{\"@type\":\"ImageObject\",\"inLanguage\":\"de\",\"@id\":\"https:\/\/poloplus10.com\/#\/schema\/logo\/image\/\",\"url\":\"https:\/\/poloplus10.demo-on.de\/wp-content\/uploads\/2021\/07\/poloplus10_logo.png\",\"contentUrl\":\"https:\/\/poloplus10.demo-on.de\/wp-content\/uploads\/2021\/07\/poloplus10_logo.png\",\"width\":300,\"height\":64,\"caption\":\"POLO+10 GmbH\"},\"image\":{\"@id\":\"https:\/\/poloplus10.com\/#\/schema\/logo\/image\/\"}},{\"@type\":\"Person\",\"@id\":\"https:\/\/poloplus10.com\/#\/schema\/person\/bbff47dbc1c0219469f09817682071d1\",\"name\":\"admin_COxlas9lKLM7iM0yVVlmjWaAIl\",\"sameAs\":[\"https:\/\/poloplus10.com\"],\"url\":\"https:\/\/poloplus10.com\/de\/author\/admin_coxlas9lklm7im0yvvlmjwaail\/\"}]}<\/script>\n<!-- \/ Yoast SEO plugin. -->","yoast_head_json":{"title":"Die Fahne ist gehisst! - POLO+10","robots":{"index":"index","follow":"follow","max-snippet":"max-snippet:-1","max-image-preview":"max-image-preview:large","max-video-preview":"max-video-preview:-1"},"canonical":"https:\/\/poloplus10.com\/de\/die-fahne-ist-gehisst-84780\/","og_locale":"de_DE","og_type":"article","og_title":"Die Fahne ist gehisst! - POLO+10","og_description":"Startschuss in den Glamour-Sommer: Ab 28. April tankt der internationale Jetset wieder italienische Sommerluft in der legend\u00e4ren Villa d\u2019Este am Comer See M\u00fcnchen \/ Cernobbio, 28. April 2021 \u2013 Getreu&hellip;","og_url":"https:\/\/poloplus10.com\/de\/die-fahne-ist-gehisst-84780\/","og_site_name":"POLO+10","article_published_time":"2021-04-28T09:40:39+00:00","article_modified_time":"2021-10-14T15:47:21+00:00","og_image":[{"width":750,"height":525,"url":"https:\/\/poloplus10.com\/wp-content\/uploads\/2021\/07\/villa-1-2.jpg","type":"image\/jpeg"}],"author":"admin_COxlas9lKLM7iM0yVVlmjWaAIl","twitter_card":"summary_large_image","twitter_misc":{"Verfasst von":"admin_COxlas9lKLM7iM0yVVlmjWaAIl","Gesch\u00e4tzte Lesezeit":"2\u00a0Minuten"},"schema":{"@context":"https:\/\/schema.org","@graph":[{"@type":"Article","@id":"https:\/\/poloplus10.com\/de\/die-fahne-ist-gehisst-84780\/#article","isPartOf":{"@id":"https:\/\/poloplus10.com\/de\/die-fahne-ist-gehisst-84780\/"},"author":{"name":"admin_COxlas9lKLM7iM0yVVlmjWaAIl","@id":"https:\/\/poloplus10.com\/#\/schema\/person\/bbff47dbc1c0219469f09817682071d1"},"headline":"Die Fahne ist gehisst!","datePublished":"2021-04-28T09:40:39+00:00","dateModified":"2021-10-14T15:47:21+00:00","mainEntityOfPage":{"@id":"https:\/\/poloplus10.com\/de\/die-fahne-ist-gehisst-84780\/"},"wordCount":447,"commentCount":0,"publisher":{"@id":"https:\/\/poloplus10.com\/#organization"},"keywords":["Comer See","Gourmet","Hotel","Polo+10","royal","Villa d\u2018Este"],"articleSection":["Europa","Lifestyle","Polo News"],"inLanguage":"de","potentialAction":[{"@type":"CommentAction","name":"Comment","target":["https:\/\/poloplus10.com\/de\/die-fahne-ist-gehisst-84780\/#respond"]}]},{"@type":"WebPage","@id":"https:\/\/poloplus10.com\/de\/die-fahne-ist-gehisst-84780\/","url":"https:\/\/poloplus10.com\/de\/die-fahne-ist-gehisst-84780\/","name":"Die Fahne ist gehisst! - POLO+10","isPartOf":{"@id":"https:\/\/poloplus10.com\/#website"},"datePublished":"2021-04-28T09:40:39+00:00","dateModified":"2021-10-14T15:47:21+00:00","breadcrumb":{"@id":"https:\/\/poloplus10.com\/de\/die-fahne-ist-gehisst-84780\/#breadcrumb"},"inLanguage":"de","potentialAction":[{"@type":"ReadAction","target":["https:\/\/poloplus10.com\/de\/die-fahne-ist-gehisst-84780\/"]}]},{"@type":"BreadcrumbList","@id":"https:\/\/poloplus10.com\/de\/die-fahne-ist-gehisst-84780\/#breadcrumb","itemListElement":[{"@type":"ListItem","position":1,"name":"Home","item":"https:\/\/poloplus10.com\/"},{"@type":"ListItem","position":2,"name":"Die Fahne ist gehisst!"}]},{"@type":"WebSite","@id":"https:\/\/poloplus10.com\/#website","url":"https:\/\/poloplus10.com\/","name":"POLO+10","description":"The Polo Magazine","publisher":{"@id":"https:\/\/poloplus10.com\/#organization"},"potentialAction":[{"@type":"SearchAction","target":{"@type":"EntryPoint","urlTemplate":"https:\/\/poloplus10.com\/?s={search_term_string}"},"query-input":"required name=search_term_string"}],"inLanguage":"de"},{"@type":"Organization","@id":"https:\/\/poloplus10.com\/#organization","name":"POLO+10 GmbH","url":"https:\/\/poloplus10.com\/","sameAs":[],"logo":{"@type":"ImageObject","inLanguage":"de","@id":"https:\/\/poloplus10.com\/#\/schema\/logo\/image\/","url":"https:\/\/poloplus10.demo-on.de\/wp-content\/uploads\/2021\/07\/poloplus10_logo.png","contentUrl":"https:\/\/poloplus10.demo-on.de\/wp-content\/uploads\/2021\/07\/poloplus10_logo.png","width":300,"height":64,"caption":"POLO+10 GmbH"},"image":{"@id":"https:\/\/poloplus10.com\/#\/schema\/logo\/image\/"}},{"@type":"Person","@id":"https:\/\/poloplus10.com\/#\/schema\/person\/bbff47dbc1c0219469f09817682071d1","name":"admin_COxlas9lKLM7iM0yVVlmjWaAIl","sameAs":["https:\/\/poloplus10.com"],"url":"https:\/\/poloplus10.com\/de\/author\/admin_coxlas9lklm7im0yvvlmjwaail\/"}]}},"_links":{"self":[{"href":"https:\/\/poloplus10.com\/de\/wp-json\/wp\/v2\/posts\/62509"}],"collection":[{"href":"https:\/\/poloplus10.com\/de\/wp-json\/wp\/v2\/posts"}],"about":[{"href":"https:\/\/poloplus10.com\/de\/wp-json\/wp\/v2\/types\/post"}],"author":[{"embeddable":true,"href":"https:\/\/poloplus10.com\/de\/wp-json\/wp\/v2\/users\/1"}],"replies":[{"embeddable":true,"href":"https:\/\/poloplus10.com\/de\/wp-json\/wp\/v2\/comments?post=62509"}],"version-history":[{"count":1,"href":"https:\/\/poloplus10.com\/de\/wp-json\/wp\/v2\/posts\/62509\/revisions"}],"predecessor-version":[{"id":74864,"href":"https:\/\/poloplus10.com\/de\/wp-json\/wp\/v2\/posts\/62509\/revisions\/74864"}],"wp:featuredmedia":[{"embeddable":true,"href":"https:\/\/poloplus10.com\/de\/wp-json\/wp\/v2\/media\/62519"}],"wp:attachment":[{"href":"https:\/\/poloplus10.com\/de\/wp-json\/wp\/v2\/media?parent=62509"}],"wp:term":[{"taxonomy":"category","embeddable":true,"href":"https:\/\/poloplus10.com\/de\/wp-json\/wp\/v2\/categories?post=62509"},{"taxonomy":"post_tag","embeddable":true,"href":"https:\/\/poloplus10.com\/de\/wp-json\/wp\/v2\/tags?post=62509"},{"taxonomy":"powerkit_post_featured","embeddable":true,"href":"https:\/\/poloplus10.com\/de\/wp-json\/wp\/v2\/powerkit_post_featured?post=62509"}],"curies":[{"name":"wp","href":"https:\/\/api.w.org\/{rel}","templated":true}]}}