{"id":62529,"date":"2021-05-03T11:51:07","date_gmt":"2021-05-03T09:51:07","guid":{"rendered":"https:\/\/poloplus10.com\/die-tasche-mit-dem-doppel-c\/"},"modified":"2021-10-14T17:47:23","modified_gmt":"2021-10-14T15:47:23","slug":"die-tasche-mit-dem-doppel-c-84891","status":"publish","type":"post","link":"https:\/\/poloplus10.com\/de\/die-tasche-mit-dem-doppel-c-84891\/","title":{"rendered":"DIE TASCHE MIT DEM DOPPEL-C"},"content":{"rendered":"<p><strong>MIT IHRER BEW\u00c4HRTEN, MINIMALISTISCHEN FORM UND DER KLAREN LINIENF\u00dcHRUNG AVANCIERT DIE NEUE DOPPEL-C TASCHE ZU EINEM ST\u00c4NDIGEN BEGLEITER, AN DEM MAN LANGE SEINE FREUDE HAT.<\/strong><\/p>\n<p>Eine Tasche im Stil einer \u201eGrande Maison\u201c, deren Schmuckschlie\u00dfe mit doppelten Cartier Initialen zum dekorativen Mittelpunkt wird: ein Logo aus Metall, mit einer farbigen Lackierung dezent veredelt.<\/p>\n<p>&nbsp;<\/p>\n<p><strong>C WIE CARTIER. DIE DOPPELTEN INITIALEN STEHEN F\u00dcR EINE PARISER JUWELIERFAMILIE, DEREN NAME BEREITS ANFANG DES 20. JAHRHUNDERTS WEIT \u00dcBER DIE GRENZEN FRANKREICHS HINAUS BEKANNT WURDE. 1847 GEGR\u00dcNDET, GEH\u00d6RTE DIE FRANZ\u00d6SISCHE SCHMUCK- UND UHRENMARKE UNTER LOUIS CARTIER UND SEINEN DREI S\u00d6HNEN BALD ZU DEN WELTWEIT F\u00dcHRENDEN JUWELIEREN.<\/strong><\/p>\n<p>Ein C im C, zwei stilisierte Buchstaben als Symbol einer au\u00dfergew\u00f6hnlichen Tradition. Sie erinnern an ein Siegel aus rotem Wachs, mit dem der Juwelier einst seine Schmucklieferungen zu verschlie\u00dfen pflegte. Heute sind die Initialen der dekorative Eyecatcher jeder Doppel-C-Tasche.<\/p>\n<p>\u201eWir haben das Logo modernisiert, indem wir es vom Oval befreit haben, in dem es bisher auf den Taschen der Maison erschien. Wir haben es wie ein Schmuckst\u00fcck behandelt, mit einem besonderen Augenmerk auf seinen \u00fcberraschenden Einsatz als Verschluss. Zum ersten Mal erf\u00fcllt das Logo sowohl eine \u00e4sthetische als auch funktionelle Rolle \u2013 vom sch\u00f6nen Klang des Klickens beim \u00d6ffnen und Verschlie\u00dfen ganz zu schweigen.<\/p>\n<p>Die minimalistische Form der Tasche steht im Kontrast zur opulenten Schmuckschlie\u00dfe, die dadurch noch besser zur Geltung kommt. Die Tasche ist so konzipiert, dass sie dank ihres individuell verstellbaren Trageriemens auf zwei Arten getragen werden kann: klassisch \u00fcber der Schulter oder diagonal als Crossbody-Bag.\u201c<\/p>\n<p><strong>MARLIN YUSON, LEITER F\u00dcR LEDERACCESSOIRE- UND LEDERWARENGESTALTUNG<\/strong><\/p>\n<p>&nbsp;<\/p>\n<p><strong>WEDER ZU KLEIN NOCH ZU GROSS UND ZU ALLEM TRAGBAR \u2013 DIE TASCHE MIT DEM DOPPEL-C IST EIN ZEITLOSER KLASSIKER F\u00dcR JEDE GARDEROBE.<\/strong><\/p>\n<p>Sie kann klassisch \u00fcber der Schulter oder diagonal als Crossbody-Bag getragen werden. Die Doppel-C Tasche sieht dank ihrer perfekten Gr\u00f6\u00dfe und ihren optimalen Proportionen immer schick aus. Eine Frage von Stil und Eleganz, die sich auf das Wesentliche beschr\u00e4nkt: Glattleder, klare Linien und ein Trageriemen.<\/p>\n<p>&nbsp;<\/p>\n<p><strong>DIE KOLLEKTION<\/strong><\/p>\n<p><strong>DIE DOPPEL-C TASCHE GIBT ES IN SCHWARZ, ROT, PUDERROSA UND FUCHSIA.<\/strong><\/p>\n<p>Egal ob klassisch oder knallig, ihr matt gl\u00e4nzendes Leder wertet jeden Look auf.<\/p>\n<p>Es gibt sie in zwei Gr\u00f6\u00dfen und jeweils vier Farben. Ein gro\u00dfes und ein kleines Modell, perfekt um es mit anderen Kleinlederwaren zu kombinieren.<\/p>\n<p>&nbsp;<\/p>\n<p><img decoding=\"async\" loading=\"lazy\" class=\"alignnone wp-image-84892\" src=\"https:\/\/poloplus10.com\/wp-content\/uploads\/2021\/07\/Bildschirmfoto-2021-05-03-um-13.49.26.png\" alt=\"\" width=\"656\" height=\"500\"><\/p>\n<p>&nbsp;<\/p>\n<p><a href=\"https:\/\/int.cartier.com\/en\/collections\/accessories\/leather-goods\/bags-for-her\/double-c-de-cartier.html\">www.int.cartier.com<\/a><\/p>\n","protected":false},"excerpt":{"rendered":"<p>MIT IHRER BEW\u00c4HRTEN, MINIMALISTISCHEN FORM UND DER KLAREN LINIENF\u00dcHRUNG AVANCIERT DIE NEUE DOPPEL-C TASCHE ZU EINEM ST\u00c4NDIGEN BEGLEITER, AN DEM MAN LANGE SEINE FREUDE HAT. Eine Tasche im Stil einer&hellip;<\/p>\n","protected":false},"author":1,"featured_media":62533,"comment_status":"open","ping_status":"open","sticky":false,"template":"","format":"standard","meta":{"_monsterinsights_skip_tracking":false,"_monsterinsights_sitenote_active":false,"_monsterinsights_sitenote_note":"","_monsterinsights_sitenote_category":0},"categories":[5648,5650,5646,5660],"tags":[851,4976,3698,5585,2106,284,41,5586],"powerkit_post_featured":[],"acf":[],"yoast_head":"<!-- This site is optimized with the Yoast SEO plugin v19.6.1 - https:\/\/yoast.com\/wordpress\/plugins\/seo\/ -->\n<title>DIE TASCHE MIT DEM DOPPEL-C - POLO+10<\/title>\n<meta name=\"robots\" content=\"index, follow, max-snippet:-1, max-image-preview:large, max-video-preview:-1\" \/>\n<link rel=\"canonical\" href=\"https:\/\/poloplus10.com\/de\/die-tasche-mit-dem-doppel-c-84891\/\" \/>\n<meta property=\"og:locale\" content=\"de_DE\" \/>\n<meta property=\"og:type\" content=\"article\" \/>\n<meta property=\"og:title\" content=\"DIE TASCHE MIT DEM DOPPEL-C - POLO+10\" \/>\n<meta property=\"og:description\" content=\"MIT IHRER BEW\u00c4HRTEN, MINIMALISTISCHEN FORM UND DER KLAREN LINIENF\u00dcHRUNG AVANCIERT DIE NEUE DOPPEL-C TASCHE ZU EINEM ST\u00c4NDIGEN BEGLEITER, AN DEM MAN LANGE SEINE FREUDE HAT. Eine Tasche im Stil einer&hellip;\" \/>\n<meta property=\"og:url\" content=\"https:\/\/poloplus10.com\/de\/die-tasche-mit-dem-doppel-c-84891\/\" \/>\n<meta property=\"og:site_name\" content=\"POLO+10\" \/>\n<meta property=\"article:published_time\" content=\"2021-05-03T09:51:07+00:00\" \/>\n<meta property=\"article:modified_time\" content=\"2021-10-14T15:47:23+00:00\" \/>\n<meta property=\"og:image\" content=\"https:\/\/poloplus10.com\/wp-content\/uploads\/2021\/07\/Cartier-7.jpg\" \/>\n\t<meta property=\"og:image:width\" content=\"750\" \/>\n\t<meta property=\"og:image:height\" content=\"525\" \/>\n\t<meta property=\"og:image:type\" content=\"image\/jpeg\" \/>\n<meta name=\"author\" content=\"admin_COxlas9lKLM7iM0yVVlmjWaAIl\" \/>\n<meta name=\"twitter:card\" content=\"summary_large_image\" \/>\n<meta name=\"twitter:label1\" content=\"Verfasst von\" \/>\n\t<meta name=\"twitter:data1\" content=\"admin_COxlas9lKLM7iM0yVVlmjWaAIl\" \/>\n\t<meta name=\"twitter:label2\" content=\"Gesch\u00e4tzte Lesezeit\" \/>\n\t<meta name=\"twitter:data2\" content=\"2\u00a0Minuten\" \/>\n<script type=\"application\/ld+json\" class=\"yoast-schema-graph\">{\"@context\":\"https:\/\/schema.org\",\"@graph\":[{\"@type\":\"Article\",\"@id\":\"https:\/\/poloplus10.com\/de\/die-tasche-mit-dem-doppel-c-84891\/#article\",\"isPartOf\":{\"@id\":\"https:\/\/poloplus10.com\/de\/die-tasche-mit-dem-doppel-c-84891\/\"},\"author\":{\"name\":\"admin_COxlas9lKLM7iM0yVVlmjWaAIl\",\"@id\":\"https:\/\/poloplus10.com\/#\/schema\/person\/bbff47dbc1c0219469f09817682071d1\"},\"headline\":\"DIE TASCHE MIT DEM DOPPEL-C\",\"datePublished\":\"2021-05-03T09:51:07+00:00\",\"dateModified\":\"2021-10-14T15:47:23+00:00\",\"mainEntityOfPage\":{\"@id\":\"https:\/\/poloplus10.com\/de\/die-tasche-mit-dem-doppel-c-84891\/\"},\"wordCount\":407,\"commentCount\":0,\"publisher\":{\"@id\":\"https:\/\/poloplus10.com\/#organization\"},\"keywords\":[\"Cartier\",\"Collection\",\"Design\",\"DOUBLE C DE CARTIER BAG\",\"Fashion\",\"Lifestyle\",\"Polo+10\",\"wardrobe\"],\"articleSection\":[\"Art &amp; Design\",\"Fashion\",\"Lifestyle\",\"Polo News\"],\"inLanguage\":\"de\",\"potentialAction\":[{\"@type\":\"CommentAction\",\"name\":\"Comment\",\"target\":[\"https:\/\/poloplus10.com\/de\/die-tasche-mit-dem-doppel-c-84891\/#respond\"]}]},{\"@type\":\"WebPage\",\"@id\":\"https:\/\/poloplus10.com\/de\/die-tasche-mit-dem-doppel-c-84891\/\",\"url\":\"https:\/\/poloplus10.com\/de\/die-tasche-mit-dem-doppel-c-84891\/\",\"name\":\"DIE TASCHE MIT DEM DOPPEL-C - POLO+10\",\"isPartOf\":{\"@id\":\"https:\/\/poloplus10.com\/#website\"},\"datePublished\":\"2021-05-03T09:51:07+00:00\",\"dateModified\":\"2021-10-14T15:47:23+00:00\",\"breadcrumb\":{\"@id\":\"https:\/\/poloplus10.com\/de\/die-tasche-mit-dem-doppel-c-84891\/#breadcrumb\"},\"inLanguage\":\"de\",\"potentialAction\":[{\"@type\":\"ReadAction\",\"target\":[\"https:\/\/poloplus10.com\/de\/die-tasche-mit-dem-doppel-c-84891\/\"]}]},{\"@type\":\"BreadcrumbList\",\"@id\":\"https:\/\/poloplus10.com\/de\/die-tasche-mit-dem-doppel-c-84891\/#breadcrumb\",\"itemListElement\":[{\"@type\":\"ListItem\",\"position\":1,\"name\":\"Home\",\"item\":\"https:\/\/poloplus10.com\/\"},{\"@type\":\"ListItem\",\"position\":2,\"name\":\"DIE TASCHE MIT DEM DOPPEL-C\"}]},{\"@type\":\"WebSite\",\"@id\":\"https:\/\/poloplus10.com\/#website\",\"url\":\"https:\/\/poloplus10.com\/\",\"name\":\"POLO+10\",\"description\":\"The Polo Magazine\",\"publisher\":{\"@id\":\"https:\/\/poloplus10.com\/#organization\"},\"potentialAction\":[{\"@type\":\"SearchAction\",\"target\":{\"@type\":\"EntryPoint\",\"urlTemplate\":\"https:\/\/poloplus10.com\/?s={search_term_string}\"},\"query-input\":\"required name=search_term_string\"}],\"inLanguage\":\"de\"},{\"@type\":\"Organization\",\"@id\":\"https:\/\/poloplus10.com\/#organization\",\"name\":\"POLO+10 GmbH\",\"url\":\"https:\/\/poloplus10.com\/\",\"sameAs\":[],\"logo\":{\"@type\":\"ImageObject\",\"inLanguage\":\"de\",\"@id\":\"https:\/\/poloplus10.com\/#\/schema\/logo\/image\/\",\"url\":\"https:\/\/poloplus10.demo-on.de\/wp-content\/uploads\/2021\/07\/poloplus10_logo.png\",\"contentUrl\":\"https:\/\/poloplus10.demo-on.de\/wp-content\/uploads\/2021\/07\/poloplus10_logo.png\",\"width\":300,\"height\":64,\"caption\":\"POLO+10 GmbH\"},\"image\":{\"@id\":\"https:\/\/poloplus10.com\/#\/schema\/logo\/image\/\"}},{\"@type\":\"Person\",\"@id\":\"https:\/\/poloplus10.com\/#\/schema\/person\/bbff47dbc1c0219469f09817682071d1\",\"name\":\"admin_COxlas9lKLM7iM0yVVlmjWaAIl\",\"sameAs\":[\"https:\/\/poloplus10.com\"],\"url\":\"https:\/\/poloplus10.com\/de\/author\/admin_coxlas9lklm7im0yvvlmjwaail\/\"}]}<\/script>\n<!-- \/ Yoast SEO plugin. -->","yoast_head_json":{"title":"DIE TASCHE MIT DEM DOPPEL-C - POLO+10","robots":{"index":"index","follow":"follow","max-snippet":"max-snippet:-1","max-image-preview":"max-image-preview:large","max-video-preview":"max-video-preview:-1"},"canonical":"https:\/\/poloplus10.com\/de\/die-tasche-mit-dem-doppel-c-84891\/","og_locale":"de_DE","og_type":"article","og_title":"DIE TASCHE MIT DEM DOPPEL-C - POLO+10","og_description":"MIT IHRER BEW\u00c4HRTEN, MINIMALISTISCHEN FORM UND DER KLAREN LINIENF\u00dcHRUNG AVANCIERT DIE NEUE DOPPEL-C TASCHE ZU EINEM ST\u00c4NDIGEN BEGLEITER, AN DEM MAN LANGE SEINE FREUDE HAT. Eine Tasche im Stil einer&hellip;","og_url":"https:\/\/poloplus10.com\/de\/die-tasche-mit-dem-doppel-c-84891\/","og_site_name":"POLO+10","article_published_time":"2021-05-03T09:51:07+00:00","article_modified_time":"2021-10-14T15:47:23+00:00","og_image":[{"width":750,"height":525,"url":"https:\/\/poloplus10.com\/wp-content\/uploads\/2021\/07\/Cartier-7.jpg","type":"image\/jpeg"}],"author":"admin_COxlas9lKLM7iM0yVVlmjWaAIl","twitter_card":"summary_large_image","twitter_misc":{"Verfasst von":"admin_COxlas9lKLM7iM0yVVlmjWaAIl","Gesch\u00e4tzte Lesezeit":"2\u00a0Minuten"},"schema":{"@context":"https:\/\/schema.org","@graph":[{"@type":"Article","@id":"https:\/\/poloplus10.com\/de\/die-tasche-mit-dem-doppel-c-84891\/#article","isPartOf":{"@id":"https:\/\/poloplus10.com\/de\/die-tasche-mit-dem-doppel-c-84891\/"},"author":{"name":"admin_COxlas9lKLM7iM0yVVlmjWaAIl","@id":"https:\/\/poloplus10.com\/#\/schema\/person\/bbff47dbc1c0219469f09817682071d1"},"headline":"DIE TASCHE MIT DEM DOPPEL-C","datePublished":"2021-05-03T09:51:07+00:00","dateModified":"2021-10-14T15:47:23+00:00","mainEntityOfPage":{"@id":"https:\/\/poloplus10.com\/de\/die-tasche-mit-dem-doppel-c-84891\/"},"wordCount":407,"commentCount":0,"publisher":{"@id":"https:\/\/poloplus10.com\/#organization"},"keywords":["Cartier","Collection","Design","DOUBLE C DE CARTIER BAG","Fashion","Lifestyle","Polo+10","wardrobe"],"articleSection":["Art &amp; Design","Fashion","Lifestyle","Polo News"],"inLanguage":"de","potentialAction":[{"@type":"CommentAction","name":"Comment","target":["https:\/\/poloplus10.com\/de\/die-tasche-mit-dem-doppel-c-84891\/#respond"]}]},{"@type":"WebPage","@id":"https:\/\/poloplus10.com\/de\/die-tasche-mit-dem-doppel-c-84891\/","url":"https:\/\/poloplus10.com\/de\/die-tasche-mit-dem-doppel-c-84891\/","name":"DIE TASCHE MIT DEM DOPPEL-C - POLO+10","isPartOf":{"@id":"https:\/\/poloplus10.com\/#website"},"datePublished":"2021-05-03T09:51:07+00:00","dateModified":"2021-10-14T15:47:23+00:00","breadcrumb":{"@id":"https:\/\/poloplus10.com\/de\/die-tasche-mit-dem-doppel-c-84891\/#breadcrumb"},"inLanguage":"de","potentialAction":[{"@type":"ReadAction","target":["https:\/\/poloplus10.com\/de\/die-tasche-mit-dem-doppel-c-84891\/"]}]},{"@type":"BreadcrumbList","@id":"https:\/\/poloplus10.com\/de\/die-tasche-mit-dem-doppel-c-84891\/#breadcrumb","itemListElement":[{"@type":"ListItem","position":1,"name":"Home","item":"https:\/\/poloplus10.com\/"},{"@type":"ListItem","position":2,"name":"DIE TASCHE MIT DEM DOPPEL-C"}]},{"@type":"WebSite","@id":"https:\/\/poloplus10.com\/#website","url":"https:\/\/poloplus10.com\/","name":"POLO+10","description":"The Polo Magazine","publisher":{"@id":"https:\/\/poloplus10.com\/#organization"},"potentialAction":[{"@type":"SearchAction","target":{"@type":"EntryPoint","urlTemplate":"https:\/\/poloplus10.com\/?s={search_term_string}"},"query-input":"required name=search_term_string"}],"inLanguage":"de"},{"@type":"Organization","@id":"https:\/\/poloplus10.com\/#organization","name":"POLO+10 GmbH","url":"https:\/\/poloplus10.com\/","sameAs":[],"logo":{"@type":"ImageObject","inLanguage":"de","@id":"https:\/\/poloplus10.com\/#\/schema\/logo\/image\/","url":"https:\/\/poloplus10.demo-on.de\/wp-content\/uploads\/2021\/07\/poloplus10_logo.png","contentUrl":"https:\/\/poloplus10.demo-on.de\/wp-content\/uploads\/2021\/07\/poloplus10_logo.png","width":300,"height":64,"caption":"POLO+10 GmbH"},"image":{"@id":"https:\/\/poloplus10.com\/#\/schema\/logo\/image\/"}},{"@type":"Person","@id":"https:\/\/poloplus10.com\/#\/schema\/person\/bbff47dbc1c0219469f09817682071d1","name":"admin_COxlas9lKLM7iM0yVVlmjWaAIl","sameAs":["https:\/\/poloplus10.com"],"url":"https:\/\/poloplus10.com\/de\/author\/admin_coxlas9lklm7im0yvvlmjwaail\/"}]}},"_links":{"self":[{"href":"https:\/\/poloplus10.com\/de\/wp-json\/wp\/v2\/posts\/62529"}],"collection":[{"href":"https:\/\/poloplus10.com\/de\/wp-json\/wp\/v2\/posts"}],"about":[{"href":"https:\/\/poloplus10.com\/de\/wp-json\/wp\/v2\/types\/post"}],"author":[{"embeddable":true,"href":"https:\/\/poloplus10.com\/de\/wp-json\/wp\/v2\/users\/1"}],"replies":[{"embeddable":true,"href":"https:\/\/poloplus10.com\/de\/wp-json\/wp\/v2\/comments?post=62529"}],"version-history":[{"count":1,"href":"https:\/\/poloplus10.com\/de\/wp-json\/wp\/v2\/posts\/62529\/revisions"}],"predecessor-version":[{"id":74866,"href":"https:\/\/poloplus10.com\/de\/wp-json\/wp\/v2\/posts\/62529\/revisions\/74866"}],"wp:featuredmedia":[{"embeddable":true,"href":"https:\/\/poloplus10.com\/de\/wp-json\/wp\/v2\/media\/62533"}],"wp:attachment":[{"href":"https:\/\/poloplus10.com\/de\/wp-json\/wp\/v2\/media?parent=62529"}],"wp:term":[{"taxonomy":"category","embeddable":true,"href":"https:\/\/poloplus10.com\/de\/wp-json\/wp\/v2\/categories?post=62529"},{"taxonomy":"post_tag","embeddable":true,"href":"https:\/\/poloplus10.com\/de\/wp-json\/wp\/v2\/tags?post=62529"},{"taxonomy":"powerkit_post_featured","embeddable":true,"href":"https:\/\/poloplus10.com\/de\/wp-json\/wp\/v2\/powerkit_post_featured?post=62529"}],"curies":[{"name":"wp","href":"https:\/\/api.w.org\/{rel}","templated":true}]}}