{"id":78394,"date":"2021-10-26T11:38:31","date_gmt":"2021-10-26T09:38:31","guid":{"rendered":"https:\/\/poloplus10.com\/interview-mit-sebastien-le-page-praesident-polo-park-zuerich-87844\/"},"modified":"2021-10-26T11:38:31","modified_gmt":"2021-10-26T09:38:31","slug":"interview-mit-sebastien-le-page-praesident-polo-park-zuerich-87844","status":"publish","type":"post","link":"https:\/\/poloplus10.com\/de\/interview-mit-sebastien-le-page-praesident-polo-park-zuerich-87844\/","title":{"rendered":"Interview mit S\u00e9bastien Le Page, Pr\u00e4sident POLO PARK Z\u00dcRICH"},"content":{"rendered":"<p class=\"p1\"><strong>Er ist der Pr\u00e4sident vom Polo Park Z\u00fcrich und einer der schillerndsten K\u00f6pfe der Szene. Zum Abschluss der Saison 2021 traf POLO+10 S\u00e9bastien Le Page und sprach mit ihm \u00fcber seinen ganz pers\u00f6nlichen Saison-R\u00fcckblick, Pl\u00e4ne f\u00fcr 2022, Highlights, Tiefpunkte und seine Lebensphilosophie.<span class=\"Apple-converted-space\">&nbsp;<\/span><\/strong><\/p>\n<p>&nbsp;<\/p>\n<h3 id=\"ich-kann-vom-polo-leben-einfach-nicht-genug-bekommensebastien-le-page-praesident-polo-park-zuerich\" class=\"p1\"><em><span class=\"s1\">\u201eIch kann vom Polo-Leben einfach nicht genug bekommen!<\/span><\/em><span class=\"s2\"><em>\u201d<\/em><br \/>\n<em><span class=\"s1\"><b>S\u00e9bastien Le Page,&nbsp;<\/b>Pr\u00e4sident POLO PARK Z\u00dcRICH<\/span><\/em><br \/>\n<\/span><\/h3>\n<p>&nbsp;<\/p>\n<p class=\"p1\"><b>Lieber S\u00e9bastien, wie f\u00e4llt Dein Fazit f\u00fcr die Polosaison 2021 aus?<br \/>\n<\/b>Es war eine weitere erfolgreiche Saison f\u00fcr den Polo Park Z\u00fcrich, trotz des schlechten Sommerwetters und des Themas Covid, das immer noch seine Schatten wirft. Auf lokaler Ebene konnten wir alle neun geplanten Turniere durchf\u00fchren, \u00fcber 800 Chukkas spielen, die Schweizer Medium-Goal-Meisterschaft sowie den 22. International Ladies Cup organisieren und unsere Mitgliederzahl auf allen Ebenen, sowohl im Low- als auch im Medium-Goal-Bereich, erh\u00f6hen. Neue Partner sind zu uns gesto\u00dfen, viele unserer Spielerinnen und Spieler haben Fortschritte gemacht, das Poloniveau ist gestiegen, und wir konnten viele neue Pferde begr\u00fc\u00dfen. Wir haben in diesem Jahr 170 spielende Mitglieder erreicht, von denen die H\u00e4lfte Frauen sind und wir beherbergen derzeit mehr als 200 Pferde. Auch das Kids-Polo bl\u00fcht auf. Wir hatten das Vergn\u00fcgen, zweimal die Schweizer Nationalmannschaft bei unseren Turnieren zu beherbergen und viele Spieler aus dem Ausland kamen regelm\u00e4\u00dfig zu uns. Die Atmosph\u00e4re der Freundschaft und des Sportsgeistes war wie immer ausgezeichnet und wir hatten eine Menge Spa\u00df!<\/p>\n<p class=\"p1\"><b>Das h\u00f6rt sich nach einer rundum gelungen Saison an.<br \/>\n<\/b>Und es geht sogar noch weiter: International waren wir n\u00e4mlich zudem sehr stolz darauf, dass die beiden Teams von La Irenita die Farben des Polo Park Z\u00fcrich bei den Argentine Open gl\u00e4nzend vertreten haben. Wir sind auch sehr gl\u00fccklich dar\u00fcber, dass wir sowohl den Rider Cup als auch die Open de France Ladies in Chantilly gewonnen haben. Alles in allem war es also eine tolle Saison. Was mich pers\u00f6nlich betrifft, so habe ich in dieser Zeit nur ein Turnier gewonnen, obwohl ich wunderbare Pferde hatte und gute Fortschritte in meinem Polo gemacht habe. Da gibt es also noch einiges zu verbessern!<\/p>\n<p class=\"p1\"><b>Was sind Deine Pl\u00e4ne f\u00fcr die kommende Saison?<br \/>\n<\/b>Bis jetzt haben wir zehn Turniere im Polo Park Z\u00fcrich geplant, darunter die Schweizer Meisterschaften Low- und Medium Goal mit -2 bis +8 Toren. Wir werden den 23. internationalen Ladies Cup organisieren und wir beabsichtigen, unseren Titel am Rider Cup in Chantilly zu verteidigen. Wir werden in Gstaad den Gold Cup spielen. Bei den Argentine Open werden wir wieder mit zwei Teams antreten, dieses Jahr mit einem Damen- und einem La Irenita-Team. Wir sind auch dabei, mehr Veranstaltungen rund um den Polosport zu entwickeln, sowie Veranstaltungen, die gar nichts mit Polo zu tun haben, f\u00fcr die wir den Club aber trotzdem als Anlage nutzen. Daf\u00fcr haben wir in diesem Jahr eine spezielle Event-Managerin eingestellt, von der ich mir viel verspreche. So k\u00f6nnen wir die T\u00fcr zum Polosport auch f\u00fcr Menschen \u00f6ffnen, die bisher noch nichts von diesem Sport oder seinem Lebensstil wissen und ihn so hoffentlich noch mehr zu einem Mainstream-Thema machen. Wir haben auch viele neue Sponsorenvertr\u00e4ge abgeschlossen, von denen einige \u00fcber mehrere Jahre laufen, sodass wir sowohl von unseren Sponsoren als auch von unseren Mitgliedern gut unterst\u00fctzt werden. Ich pers\u00f6nlich habe das Gef\u00fchl, dass wir in der kommenden Saison mehr als 900 Chukkas spielen werden. Mal sehen, wie das Wetter mitspielt!<\/p>\n<p class=\"p1\"><b>Bitte erz\u00e4hle uns auch von Deinen Pl\u00e4nen in Argentinien f\u00fcr die kommende Saison.<br \/>\n<\/b>Morgan und ich fliegen Mitte November nach Argentinien zu unserer Farm in Lobos. Leider machen es uns die Ungewissheit rund um Covid und die Reisebeschr\u00e4nkungen aus der Ferne unm\u00f6glich, das traditionelle Damenturnier von San Eugenio zu organisieren. Deshalb m\u00fcssen wir dieses Jahr erneut darauf verzichten. Stattdessen werden wir uns darauf konzentrieren, in Lobos zu trainieren und nat\u00fcrlich unsere Teams bei den Argentine Open zu unterst\u00fctzen! La Irenita II muss sich noch qualifizieren aber die La Irenita Ladies sind es bereits, also werden wir auf jeden Fall in Palermo dabei sein! Unabh\u00e4ngig davon wird Morgan f\u00fcr das Gaucho Derby, das wohl h\u00e4rteste Pferderennen der Welt trainieren, an dem sie Anfang M\u00e4rz teilnimmt. Wir werden also voraussichtlich zwei bis drei Monate in Argentinien bleiben, sofern es die Situation um Covid denn zul\u00e4sst.<\/p>\n<p class=\"p1\"><b>Kannst Du uns noch mehr \u00fcber Deine Sponsoring-Aktivit\u00e4ten berichten?<br \/>\n<\/b>Wir sponsern zwei Teams bei den Open. Zuerst La Irenita II mit Facu und Tomas Fernandez Llorente, Min Podesta und Flaco Garcia Grossi. Sie m\u00fcssen noch die Qualifikation bestehen, aber ich setze gro\u00dfe Hoffnungen in dieses Team. Zweitens ist auch La Irenita Ladies mit Milagros Sanchez, Hope Arellano, Izzy Parsons und Fatima Balzano dabei. Sie sind bereits qualifiziert und ich hoffe, dass sie uns ebenfalls brillantes Polo pr\u00e4sentieren werden! Dann sponsern wir auch noch den Snow Polo World Cup in St. Moritz, obwohl wir dieses Jahr dort kein Team stellen werden. Wir sponsern auch die Schweizer Polo-Nationalmannschaft. Auf der anderen Seite haben wir viele neue interessante Sponsoren, darunter eine sehr gute Unterst\u00fctzung von beispielsweise \u201ePerrier-Jou<span class=\"s1\">\u00eb<\/span>t\u201c oder \u201eClinique La Prairie\u201c, aber auch einige Newcomer im Polosport, wie der \u201eSwissOne Smart Index Crypto Fund\u201c. Wir sind auch dabei, Sponsoring-Beziehungen zu neuen Unternehmen aufzubauen, die durch unseren Erfolg auf den Polo Park Z\u00fcrich aufmerksam werden. Mehr dazu kann ich hoffentlich in K\u00fcrze erz\u00e4hlen!<\/p>\n<p class=\"p1\"><b>Was ist f\u00fcr Dich die gr\u00f6\u00dfte Herausforderung in der kommenden Polosaison?<br \/>\n<\/b>Das gr\u00f6\u00dfte Problem ist zurzeit die Tatsache, dass wir fast die maximale Anzahl an Pferden erreicht haben, die wir im Polo Park Z\u00fcrich oder in der n\u00e4heren Umgebung unterbringen k\u00f6nnen. Es tut mir wirklich weh, das sagen zu m\u00fcssen \u2013 aber ich denke, dass wir in der kommenden Saison keine andere Wahl haben werden, als eine Warteliste zu f\u00fchren. Allerdings nicht f\u00fcr komplett neue Anf\u00e4nger, sondern f\u00fcr neue potenzielle Mitglieder, die eigene Pferde mitbringen. Daf\u00fcr fehlt uns derzeit einfach der n\u00f6tige Platz. Aber um ehrlich zu sein, ist das nat\u00fcrlich nur ein Luxusproblem!<\/p>\n<p class=\"p1\"><b>Worauf freust Du Dich in der Polosaison 2022 am meisten &#8211; und warum?<br \/>\n<\/b>Diesbez\u00fcglich habe ich ambivalente Gef\u00fchle: Einerseits muss ich als Eigent\u00fcmer vom Polo Park Z\u00fcrich meine Mitglieder bei Laune halten und daf\u00fcr sorgen, dass sie gerne wiederkommen. Andererseits bin ich auch ein Spieler und der Leiter der Los Lobos-Organisation, und m\u00f6chte Turniere gewinnen. Beides geht aber nicht immer Hand in Hand. In dieser Saison, als wir so viele neue Mitglieder bekamen, habe ich mich mehr darauf konzentriert, dass sie Spa\u00df am Polosport haben. Also habe ich ihnen mit meinen eigenen Pferden geholfen, manchmal zum Nachteil meines eigenen sportlichen Polo-Aktivit\u00e4ten und zum Nachteil meiner eigenen Poloprofis. Aber f\u00fcr die kommende Saison m\u00f6chte ich wieder eine Saison lang egoistisch sein, denn ich habe die Absicht, bis zum Ende der Saison ein +1<span class=\"s2\">&#8211;<\/span>Handicap zu erreichen. Daf\u00fcr habe ich die richtigen Pferde und die richtige Organisation. Ich werde mich deshalb stark auf diesen Traum konzentrieren! Nat\u00fcrlich werde ich meinen Fokus auch auf die Schweizer Meisterschaften legen und viel Energie darauf verwenden, den Gold Cup in Gstaad zu gewinnen. Ich \u00fcberlege zudem auch, ob ich im kommenden Jahr einige Wochen in Frankreich spielen werde. Ich bin bereits mit Sponsoren im Gespr\u00e4ch, also mal abwarten, was da noch passiert. Aber ein +1 Handicap bis zum Ende der Saison ist das, was ich mir wirklich w\u00fcnsche!<\/p>\n<p class=\"p1\"><b>Deine Frau Morgan ist die Pr\u00e4sidentin des schweizerischen Polo-Verbandes. Wie erg\u00e4nzt Ihr Euch bei der Arbeit?<br \/>\n<\/b>Das Lustige ist, dass die Wahl von Morgan zur Pr\u00e4sidentin der Swiss Polo Association &#8211; der ersten Frau in der Geschichte des Polosports, die das Amt der Pr\u00e4sidentin eines aktiven Polo-Verbandes irgendwo auf der Welt innehat \u2013 meine Idee war. Sie hat mir bei dem Thema aber auch von Anfang an gesagt, dass sie es nur dann machen w\u00fcrde, wenn ich mich nicht in ihre Arbeit einmische! Wir erg\u00e4nzen uns somit \u00fcberhaupt nicht. Sie fragt mich so gut wie nie um Rat, h\u00f6chstens mal in meiner Rolle als Besitzer eines Poloclubs in der Schweiz, aber nicht als Ehemann oder gar als ehemaliger Vizepr\u00e4sident der SPA. Aber ich bin ein viel besch\u00e4ftigter Mann und ich vertraue ihr sowieso voll und ganz!<\/p>\n<p class=\"p1\"><b>Stimmt es, dass Du Deine Leidenschaft f\u00fcr den Polosport durch Deine Frau entdeckt hast?<br \/>\n<\/b>Nein, Morgan und ich haben genau am selben Tag im Jahr 2011 mit dem Polosport begonnen \u2013 und zwar, als wir den Schnupperkurs im Polo Park Z\u00fcrich bei Francisco Podesta besuchten. Wir waren beide sofort Feuer und Flamme!<\/p>\n<p class=\"p1\"><b>Nicht nur Ihr beide seid aktive Spieler, auch Euer Sohn ist Polo-Fan. Wie beschreibst Du die Energie in so einer polobegeisterten Familie?<br \/>\n<\/b>Bei Armand hat es ein bisschen l\u00e4nger gedauert, da er urspr\u00fcnglich Angst vor Pferden hatte. Jetzt spielt er nat\u00fcrlich l\u00e4ngst besser als wir! Die Energie in der Familie ist sehr gut, denn gemeinsam mit seinen oder gegen seine Liebsten zu spielen, ist einer der sch\u00f6nsten Aspekte dieses Sports. Und nat\u00fcrlich bedeutet eine polobegeisterte Familie, dass alle Nebenaspekte des Lebensstils von allen verstanden werden: der Respekt vor den Pferden, den Pferdepflegern, den Asados, dem Mate-Trinken, den endlosen Diskussionen \u00fcber Handicaps, \u00fcber Pferde, den Stunden, die man im Poloclub verbringt. All das ergibt in unserer Familie Sinn. Die einzigen Spannungen entstehen, wenn wir manchmal entscheiden m\u00fcssen, wer f\u00fcr ein Spiel auf welchem Pferd sitzt. Aber das haben wir zum Gl\u00fcck bis jetzt am Ende immer gut gel\u00f6st!<\/p>\n<p class=\"p1\"><b>Polo spielt nun schon seit zehn Jahren eine wichtige Rolle in Deinem Leben. Kannst Du uns von einem besonders sch\u00f6nen Moment in dieser Zeit erz\u00e4hlen?<br \/>\n<\/b>Diese Frage ist fast unm\u00f6glich zu beantworten, denn es kommen mir so viele Erinnerungen in den Sinn: Der Tag, an dem ich den Polo Club gekauft habe, die Einweihung des neuen Clubhauses und der Stallungen oder der Gewinn der Schweizer Meisterschaften im Medium Goal. Das Golden Goal beim Deauville Silver Cup und das Gesicht von Pancho Bensadon. Das Mittagessen mit Facu, Nico, Polito und Gonzalito Pieres. Der ber\u00fchmt-ber\u00fcchtigte Abend in Chantilly mit Pablo MacDonough. Das Spiel drei gegen vier mit Min Podesta, das ich nur durch ein Golden Goal verlor. Juan Martin Nero, der mich mit meinem Namen ansprach, obwohl wir uns noch nie zuvor getroffen hatten. Mit einem \u201eNeck Shot\u201c ein Tor zu erzielen und Martin Podesta hinter mir rufen zu h\u00f6ren: &#8220;DAS ist Polo!&#8221;. Mit dem Maharadscha von Jaipur in Deutschland zu spielen.<\/p>\n<p>&nbsp;<\/p>\n<h3 id=\"in-gewisser-weise-ist-mir-polo-sogar-noch-wichtiger-als-meine-familie-sebastien-le-page-praesident-polo-park-zuerich\"><em><span class=\"s1\">\u201cIn gewisser Weise ist mir Polo sogar noch wichtiger als meine Familie.<\/span><span class=\"s2\">\u201d&nbsp;<br \/>\n<\/span><span class=\"s2\"><span class=\"s1\"><b>S\u00e9bastien Le Page,&nbsp;<\/b>Pr\u00e4sident POLO PARK Z\u00dcRICH<\/span><\/span><\/em><\/h3>\n<p>&nbsp;<\/p>\n<p class=\"p1\"><b>Und die Liste geht weiter und weiter?<br \/>\n<\/b>Und ob! Sag jetzt nicht, ich h\u00e4tte dich nicht gewarnt! (lacht) Zu sehen, wie mein Sohn Polo spielt, obwohl er Angst vor Pferden hat. Zu sehen, wie Morgan die Open de France mit den V\u00e9not-Schwestern gewinnt. Gemeinsam mit Jorge MacDonough in London Tr\u00e4nen zu lachen. Adolfo Cambiaso zu treffen. Der Kauf von San Eugenio. Die Chukkas am 1. Januar, bei denen drei Generationen von Le Page gegen drei Generationen von Podesta spielten und die Tr\u00e4nen von Min Podesta, der seinen Gro\u00dfvater noch nie auf einem Pferd gesehen hatte (und Oscar schoss das erste Tor!). Das erste Mal, dass ich als Polospieler ein Autogramm gab. Aber um ganz ehrlich zu sein \u2013 und vielleicht klingt es ein bisschen wie ein Klischee, aber ich schw\u00f6re, es ist wahr: Die sch\u00f6nsten Momente, die ich beim Polo erlebt habe, sind all die Abende am Lagerfeuer, an denen man Truco spielt, \u00fcber Polo spricht, miteinander lacht, Wein trinkt und einfach die Atmosph\u00e4re und die Freundschaft genie\u00dft.<span class=\"Apple-converted-space\">&nbsp;<\/span><\/p>\n<p class=\"p1\"><b>Wann hat Dich die Begeisterung f\u00fcr den Polosport zum ersten Mal so richtig gepackt? Kannst Du Dich noch an den Moment und das Gef\u00fchl erinnern?<br \/>\n<\/b>Der erste Tag, die erste Lektion, der erste Schlag mit dem Ball \u2013 und es war sofort um mich geschehen. Ich war s\u00fcchtig! Ich erinnere mich, dass mein Freund C\u00e9dric Schweri in seinem fr\u00fcheren Club T-Shirts gemacht hatte, auf denen stand: \u201eIf you\u2019ve got the virus, we a-polo-gize\u201c. Und genau so ist es! Nicht nur Morgan und Armand sehen das so, auch meine Eltern verfolgen inzwischen den Polosport. Der Virus breitet sich also aus. Lasst uns eine Pandemie daraus machen!<\/p>\n<p class=\"p1\"><b>Du bist nicht nur gerne auf dem Polofeld, sondern liebst auch alles, was rund um diesen Sport passiert. Warum?<br \/>\n<\/b>Ich habe 25 Jahre lang Rugby gespielt und dieser Sport ist ber\u00fchmt f\u00fcr die Atmosph\u00e4re au\u00dferhalb des Spielfelds. Ich glaube, je h\u00e4rter der Sport, desto mehr Respekt haben die Spieler f\u00fcreinander. Ich habe diese Kameradschaft beim Rugby immer geliebt; die dritte Halbzeit, den gegenseitigen Respekt. Und das Gleiche habe ich im Polo gefunden. Ich kann die Leute nicht verstehen, die zu einem Spiel kommen, spielen und dann schnell wieder gehen, um sich andere Dingen zu widmen. Ich muss mich noch lange nach dem Spiel der wunderbaren Atmosph\u00e4re hingeben. Ich erinnere mich, dass Francisco Podesta mir vor zwei Jahren einmal gesagt hat: Seb, du organisierst zu viele Asados im Club, die Pferdepfleger m\u00fcssen auch mal schlafen, wei\u00dft du! Aber ich liebe einfach diese Kameradschaft, das Gepl\u00e4nkel, den Spa\u00df, die Gespr\u00e4che \u00fcber Pferde, Handicaps, die Witze. Und ich liebe es nat\u00fcrlich, Truco zu spielen! Aber es ist auch mehr als das. Es hat auch damit zu tun, Leute zu treffen, Argentinien und auch viele andere Orte auf der Welt zu entdecken. Ich kann einfach nicht genug von diesem Pololeben bekommen: Ganz egal, ob es nun darum geht, K\u00f6nige zu treffen oder mit meinen Gauchos auf meiner Farm zu streiten. Ich liebe es einfach!<\/p>\n<p class=\"p1\"><b>Was ist so faszinierend an diesem Sport? Warum ist Polo das Wichtigste in Deinem Leben &#8211; nach Deiner Familie?<br \/>\n<\/b>In gewisser Weise ist Polo sogar noch wichtiger als meine Familie. Ich bin mir bewusst, dass dies eine der gef\u00e4hrlichsten Mannschaftssportarten der Welt ist, sodass das Risiko des Todes oder dauerhafter Verletzungen real und m\u00f6glich ist. Wenn ich die Familie an erste Stelle setzen wollte, w\u00fcrde ich meiner Frau und meinem Sohn sagen, dass sie nicht spielen sollen. Es ist zu gef\u00e4hrlich! Aber ich habe meinen Frieden damit gemacht. Im Clubhaus im Polo Park Z\u00fcrich habe ich ein Plakat mit einer Zeichnung von Polospielern aufgeh\u00e4ngt, auf dem steht: \u201eAlles wird dich umbringen, also w\u00e4hle etwas aus, das dir Spa\u00df macht.&#8221; Und genau darum geht es doch beim Polo. Es macht Spa\u00df! Es ist ein Mannschaftssport, Polo ist schnell und wild, es sind Tiere beteiligt, es ist glamour\u00f6s! Der Lebensstil ist wunderbar, es ist eine Interaktion mit anderen und es ist ein Schachspiel, k\u00f6rperlich und geistig. Und nat\u00fcrlich ist es zudem mein Hauptgesch\u00e4ft geworden.<span class=\"Apple-converted-space\">&nbsp;<\/span><\/p>\n<p class=\"p1\"><b>Warum spukt in vielen K\u00f6pfen bis heute das Vorurteil herum, dass Polo ein extrem elit\u00e4rer Sport ist?<br \/>\n<\/b>Ich sch\u00e4tze mal, das kommt daher, dass die britischen Monarchen Polo seit Jahrzehnten spielen und viele den Sport aus diesem Zusammenhang kennen. So wird es automatisch mit der Monarchie und damit mit Elitedenken in Verbindung gebracht. Wenn ich Leute einlade, sich ein paar Chukkas anzusehen, dann fragen sie mich immer noch sehr oft, wie sie sich denn kleiden sollen. Meine Antwort ist immer dieselbe: \u201eKomm wie ich, in Shorts und Flip-Flops\u201c.<\/p>\n<p class=\"p1\"><b>Vor 16 Jahren musstest Du einen schweren Schicksalsschlag verarbeiten, als Deine erste Frau im Alter von 33 Jahren an Krebs verstarb. Wie hast Du es geschafft, Deine Kraft, Positivit\u00e4t, Deinen Optimismus und Lebenshunger wiederzufinden?<br \/>\n<\/b>Das ist eine Frage, mit dessen Antwort ich ein ganzes Buch f\u00fcllen k\u00f6nnte! Aber kurz gesagt: Ich hatte das gro\u00dfe Gl\u00fcck, von einer liebevollen Familie und einem gro\u00dfartigen Sohn umgeben zu sein, obwohl er zu dieser Zeit erst drei Jahre alt war. Ich habe damals f\u00fcr die Unternehmensgruppe Glencore gearbeitet und dort waren auch alle absolut fantastisch. Das bedeutet aber nicht, dass heute alles vorbei ist, wenn ich ehrlich sein soll. Und das k\u00f6nnen auch alle Menschen, die mich gut kennen, voll und ganz best\u00e4tigen. Aber es geht mir gut! Mit Armand und Morgan an meiner Seite, lebe ich heute ein sehr gl\u00fcckliches Leben.<\/p>\n<p class=\"p1\"><b>Bist Du ein K\u00e4mpfer und ein \u00dcberlebensk\u00fcnstler?<br \/>\n<\/b>Ganz und gar nicht. Ich bin genau das Gegenteil! Ich bin faul, bekomme leicht Angst, werde depressiv und w\u00fctend. Ich mache mir selbst zu viel Stress und stresse somit auch andere. Ich bin gut darin, Ausreden zu finden und ich versuche, es mir leicht zu machen. Manchmal leide ich unter dem Hochstaplersyndrom. Aber ich bin ein Denker und ich bin empathisch. Ich habe im allgemeinen Gl\u00fcck, bin ein Erfolgsmensch und vertraue Menschen. Das kompensiert meine negativen Eigenschaften ganz gut. Und wenn ich wieder mal etwas niedergeschlagen bin, weil die Dinge nicht so laufen, wie ich es mir w\u00fcnsche, ist fast immer sofort Armand da, um mir zu sagen: \u201ePapa, mach langsam, dreh dich um und schau dir an, was du schon alles erreicht hast\u201c. Das hilft mir in Momenten des Zweifels sehr. Ich frage mich, ob er im Grunde nicht reifer ist als ich!<\/p>\n<p class=\"p1\"><b>Wie w\u00fcrdest Du Deine Lebensphilosophie beschreiben?<br \/>\n<\/b>Mein Leben hat sich mit 17 Jahren v\u00f6llig ver\u00e4ndert, als ich \u201eAlso sprach Zarathustra\u201c las. In diesem Buch von Nietzsche geht es um einen Meister und seinen Sch\u00fcler. Der J\u00fcnger fragt: \u201eMeister, was soll ich tun, um gl\u00fccklich zu sein?\u201c. Und der Meister antwortet: \u201eSei gl\u00fccklich!\u201c. Und genau das ist seither meine Lebensphilosophie.<\/p>\n","protected":false},"excerpt":{"rendered":"<p>Er ist der Pr\u00e4sident vom Polo Park Z\u00fcrich und einer der schillerndsten K\u00f6pfe der Szene. Zum Abschluss der Saison 2021 traf POLO+10 S\u00e9bastien Le Page und sprach mit ihm \u00fcber&hellip;<\/p>\n","protected":false},"author":1,"featured_media":78395,"comment_status":"open","ping_status":"open","sticky":false,"template":"","format":"standard","meta":{"_monsterinsights_skip_tracking":false,"_monsterinsights_sitenote_active":false,"_monsterinsights_sitenote_note":"","_monsterinsights_sitenote_category":0},"categories":[5668,5660],"tags":[41,10423,4652,5007,4770,10424,4755,4756,10425,4735],"powerkit_post_featured":[],"acf":[],"yoast_head":"<!-- This site is optimized with the Yoast SEO plugin v19.6.1 - https:\/\/yoast.com\/wordpress\/plugins\/seo\/ -->\n<title>Interview mit S\u00e9bastien Le Page, Pr\u00e4sident POLO PARK Z\u00dcRICH - POLO+10<\/title>\n<meta name=\"robots\" content=\"index, follow, max-snippet:-1, max-image-preview:large, max-video-preview:-1\" \/>\n<link rel=\"canonical\" href=\"https:\/\/poloplus10.com\/de\/interview-mit-sebastien-le-page-praesident-polo-park-zuerich-87844\/\" \/>\n<meta property=\"og:locale\" content=\"de_DE\" \/>\n<meta property=\"og:type\" content=\"article\" \/>\n<meta property=\"og:title\" content=\"Interview mit S\u00e9bastien Le Page, Pr\u00e4sident POLO PARK Z\u00dcRICH - POLO+10\" \/>\n<meta property=\"og:description\" content=\"Er ist der Pr\u00e4sident vom Polo Park Z\u00fcrich und einer der schillerndsten K\u00f6pfe der Szene. Zum Abschluss der Saison 2021 traf POLO+10 S\u00e9bastien Le Page und sprach mit ihm \u00fcber&hellip;\" \/>\n<meta property=\"og:url\" content=\"https:\/\/poloplus10.com\/de\/interview-mit-sebastien-le-page-praesident-polo-park-zuerich-87844\/\" \/>\n<meta property=\"og:site_name\" content=\"POLO+10\" \/>\n<meta property=\"article:published_time\" content=\"2021-10-26T09:38:31+00:00\" \/>\n<meta property=\"og:image\" content=\"https:\/\/poloplus10.com\/wp-content\/uploads\/2021\/12\/LePage-1.jpg\" \/>\n\t<meta property=\"og:image:width\" content=\"750\" \/>\n\t<meta property=\"og:image:height\" content=\"525\" \/>\n\t<meta property=\"og:image:type\" content=\"image\/jpeg\" \/>\n<meta name=\"author\" content=\"admin_COxlas9lKLM7iM0yVVlmjWaAIl\" \/>\n<meta name=\"twitter:card\" content=\"summary_large_image\" \/>\n<meta name=\"twitter:label1\" content=\"Verfasst von\" \/>\n\t<meta name=\"twitter:data1\" content=\"admin_COxlas9lKLM7iM0yVVlmjWaAIl\" \/>\n\t<meta name=\"twitter:label2\" content=\"Gesch\u00e4tzte Lesezeit\" \/>\n\t<meta name=\"twitter:data2\" content=\"15\u00a0Minuten\" \/>\n<script type=\"application\/ld+json\" class=\"yoast-schema-graph\">{\"@context\":\"https:\/\/schema.org\",\"@graph\":[{\"@type\":\"Article\",\"@id\":\"https:\/\/poloplus10.com\/de\/interview-mit-sebastien-le-page-praesident-polo-park-zuerich-87844\/#article\",\"isPartOf\":{\"@id\":\"https:\/\/poloplus10.com\/de\/interview-mit-sebastien-le-page-praesident-polo-park-zuerich-87844\/\"},\"author\":{\"name\":\"admin_COxlas9lKLM7iM0yVVlmjWaAIl\",\"@id\":\"https:\/\/poloplus10.com\/#\/schema\/person\/bbff47dbc1c0219469f09817682071d1\"},\"headline\":\"Interview mit S\u00e9bastien Le Page, Pr\u00e4sident POLO PARK Z\u00dcRICH\",\"datePublished\":\"2021-10-26T09:38:31+00:00\",\"dateModified\":\"2021-10-26T09:38:31+00:00\",\"mainEntityOfPage\":{\"@id\":\"https:\/\/poloplus10.com\/de\/interview-mit-sebastien-le-page-praesident-polo-park-zuerich-87844\/\"},\"wordCount\":2983,\"commentCount\":0,\"publisher\":{\"@id\":\"https:\/\/poloplus10.com\/#organization\"},\"keywords\":[\"Polo+10\",\"poloargentino\",\"Pololife\",\"pololifestyle\",\"Polonews\",\"polopark\",\"poloparkzurich\",\"Poloplayer\",\"poloseason\",\"Polosport\"],\"articleSection\":[\"Europa\",\"Polo News\"],\"inLanguage\":\"de\",\"potentialAction\":[{\"@type\":\"CommentAction\",\"name\":\"Comment\",\"target\":[\"https:\/\/poloplus10.com\/de\/interview-mit-sebastien-le-page-praesident-polo-park-zuerich-87844\/#respond\"]}]},{\"@type\":\"WebPage\",\"@id\":\"https:\/\/poloplus10.com\/de\/interview-mit-sebastien-le-page-praesident-polo-park-zuerich-87844\/\",\"url\":\"https:\/\/poloplus10.com\/de\/interview-mit-sebastien-le-page-praesident-polo-park-zuerich-87844\/\",\"name\":\"Interview mit S\u00e9bastien Le Page, Pr\u00e4sident POLO PARK Z\u00dcRICH - POLO+10\",\"isPartOf\":{\"@id\":\"https:\/\/poloplus10.com\/#website\"},\"datePublished\":\"2021-10-26T09:38:31+00:00\",\"dateModified\":\"2021-10-26T09:38:31+00:00\",\"breadcrumb\":{\"@id\":\"https:\/\/poloplus10.com\/de\/interview-mit-sebastien-le-page-praesident-polo-park-zuerich-87844\/#breadcrumb\"},\"inLanguage\":\"de\",\"potentialAction\":[{\"@type\":\"ReadAction\",\"target\":[\"https:\/\/poloplus10.com\/de\/interview-mit-sebastien-le-page-praesident-polo-park-zuerich-87844\/\"]}]},{\"@type\":\"BreadcrumbList\",\"@id\":\"https:\/\/poloplus10.com\/de\/interview-mit-sebastien-le-page-praesident-polo-park-zuerich-87844\/#breadcrumb\",\"itemListElement\":[{\"@type\":\"ListItem\",\"position\":1,\"name\":\"Home\",\"item\":\"https:\/\/poloplus10.com\/\"},{\"@type\":\"ListItem\",\"position\":2,\"name\":\"Interview mit S\u00e9bastien Le Page, Pr\u00e4sident POLO PARK Z\u00dcRICH\"}]},{\"@type\":\"WebSite\",\"@id\":\"https:\/\/poloplus10.com\/#website\",\"url\":\"https:\/\/poloplus10.com\/\",\"name\":\"POLO+10\",\"description\":\"The Polo Magazine\",\"publisher\":{\"@id\":\"https:\/\/poloplus10.com\/#organization\"},\"potentialAction\":[{\"@type\":\"SearchAction\",\"target\":{\"@type\":\"EntryPoint\",\"urlTemplate\":\"https:\/\/poloplus10.com\/?s={search_term_string}\"},\"query-input\":\"required name=search_term_string\"}],\"inLanguage\":\"de\"},{\"@type\":\"Organization\",\"@id\":\"https:\/\/poloplus10.com\/#organization\",\"name\":\"POLO+10 GmbH\",\"url\":\"https:\/\/poloplus10.com\/\",\"sameAs\":[],\"logo\":{\"@type\":\"ImageObject\",\"inLanguage\":\"de\",\"@id\":\"https:\/\/poloplus10.com\/#\/schema\/logo\/image\/\",\"url\":\"https:\/\/poloplus10.demo-on.de\/wp-content\/uploads\/2021\/07\/poloplus10_logo.png\",\"contentUrl\":\"https:\/\/poloplus10.demo-on.de\/wp-content\/uploads\/2021\/07\/poloplus10_logo.png\",\"width\":300,\"height\":64,\"caption\":\"POLO+10 GmbH\"},\"image\":{\"@id\":\"https:\/\/poloplus10.com\/#\/schema\/logo\/image\/\"}},{\"@type\":\"Person\",\"@id\":\"https:\/\/poloplus10.com\/#\/schema\/person\/bbff47dbc1c0219469f09817682071d1\",\"name\":\"admin_COxlas9lKLM7iM0yVVlmjWaAIl\",\"sameAs\":[\"https:\/\/poloplus10.com\"],\"url\":\"https:\/\/poloplus10.com\/de\/author\/admin_coxlas9lklm7im0yvvlmjwaail\/\"}]}<\/script>\n<!-- \/ Yoast SEO plugin. -->","yoast_head_json":{"title":"Interview mit S\u00e9bastien Le Page, Pr\u00e4sident POLO PARK Z\u00dcRICH - POLO+10","robots":{"index":"index","follow":"follow","max-snippet":"max-snippet:-1","max-image-preview":"max-image-preview:large","max-video-preview":"max-video-preview:-1"},"canonical":"https:\/\/poloplus10.com\/de\/interview-mit-sebastien-le-page-praesident-polo-park-zuerich-87844\/","og_locale":"de_DE","og_type":"article","og_title":"Interview mit S\u00e9bastien Le Page, Pr\u00e4sident POLO PARK Z\u00dcRICH - POLO+10","og_description":"Er ist der Pr\u00e4sident vom Polo Park Z\u00fcrich und einer der schillerndsten K\u00f6pfe der Szene. Zum Abschluss der Saison 2021 traf POLO+10 S\u00e9bastien Le Page und sprach mit ihm \u00fcber&hellip;","og_url":"https:\/\/poloplus10.com\/de\/interview-mit-sebastien-le-page-praesident-polo-park-zuerich-87844\/","og_site_name":"POLO+10","article_published_time":"2021-10-26T09:38:31+00:00","og_image":[{"width":750,"height":525,"url":"https:\/\/poloplus10.com\/wp-content\/uploads\/2021\/12\/LePage-1.jpg","type":"image\/jpeg"}],"author":"admin_COxlas9lKLM7iM0yVVlmjWaAIl","twitter_card":"summary_large_image","twitter_misc":{"Verfasst von":"admin_COxlas9lKLM7iM0yVVlmjWaAIl","Gesch\u00e4tzte Lesezeit":"15\u00a0Minuten"},"schema":{"@context":"https:\/\/schema.org","@graph":[{"@type":"Article","@id":"https:\/\/poloplus10.com\/de\/interview-mit-sebastien-le-page-praesident-polo-park-zuerich-87844\/#article","isPartOf":{"@id":"https:\/\/poloplus10.com\/de\/interview-mit-sebastien-le-page-praesident-polo-park-zuerich-87844\/"},"author":{"name":"admin_COxlas9lKLM7iM0yVVlmjWaAIl","@id":"https:\/\/poloplus10.com\/#\/schema\/person\/bbff47dbc1c0219469f09817682071d1"},"headline":"Interview mit S\u00e9bastien Le Page, Pr\u00e4sident POLO PARK Z\u00dcRICH","datePublished":"2021-10-26T09:38:31+00:00","dateModified":"2021-10-26T09:38:31+00:00","mainEntityOfPage":{"@id":"https:\/\/poloplus10.com\/de\/interview-mit-sebastien-le-page-praesident-polo-park-zuerich-87844\/"},"wordCount":2983,"commentCount":0,"publisher":{"@id":"https:\/\/poloplus10.com\/#organization"},"keywords":["Polo+10","poloargentino","Pololife","pololifestyle","Polonews","polopark","poloparkzurich","Poloplayer","poloseason","Polosport"],"articleSection":["Europa","Polo News"],"inLanguage":"de","potentialAction":[{"@type":"CommentAction","name":"Comment","target":["https:\/\/poloplus10.com\/de\/interview-mit-sebastien-le-page-praesident-polo-park-zuerich-87844\/#respond"]}]},{"@type":"WebPage","@id":"https:\/\/poloplus10.com\/de\/interview-mit-sebastien-le-page-praesident-polo-park-zuerich-87844\/","url":"https:\/\/poloplus10.com\/de\/interview-mit-sebastien-le-page-praesident-polo-park-zuerich-87844\/","name":"Interview mit S\u00e9bastien Le Page, Pr\u00e4sident POLO PARK Z\u00dcRICH - POLO+10","isPartOf":{"@id":"https:\/\/poloplus10.com\/#website"},"datePublished":"2021-10-26T09:38:31+00:00","dateModified":"2021-10-26T09:38:31+00:00","breadcrumb":{"@id":"https:\/\/poloplus10.com\/de\/interview-mit-sebastien-le-page-praesident-polo-park-zuerich-87844\/#breadcrumb"},"inLanguage":"de","potentialAction":[{"@type":"ReadAction","target":["https:\/\/poloplus10.com\/de\/interview-mit-sebastien-le-page-praesident-polo-park-zuerich-87844\/"]}]},{"@type":"BreadcrumbList","@id":"https:\/\/poloplus10.com\/de\/interview-mit-sebastien-le-page-praesident-polo-park-zuerich-87844\/#breadcrumb","itemListElement":[{"@type":"ListItem","position":1,"name":"Home","item":"https:\/\/poloplus10.com\/"},{"@type":"ListItem","position":2,"name":"Interview mit S\u00e9bastien Le Page, Pr\u00e4sident POLO PARK Z\u00dcRICH"}]},{"@type":"WebSite","@id":"https:\/\/poloplus10.com\/#website","url":"https:\/\/poloplus10.com\/","name":"POLO+10","description":"The Polo Magazine","publisher":{"@id":"https:\/\/poloplus10.com\/#organization"},"potentialAction":[{"@type":"SearchAction","target":{"@type":"EntryPoint","urlTemplate":"https:\/\/poloplus10.com\/?s={search_term_string}"},"query-input":"required name=search_term_string"}],"inLanguage":"de"},{"@type":"Organization","@id":"https:\/\/poloplus10.com\/#organization","name":"POLO+10 GmbH","url":"https:\/\/poloplus10.com\/","sameAs":[],"logo":{"@type":"ImageObject","inLanguage":"de","@id":"https:\/\/poloplus10.com\/#\/schema\/logo\/image\/","url":"https:\/\/poloplus10.demo-on.de\/wp-content\/uploads\/2021\/07\/poloplus10_logo.png","contentUrl":"https:\/\/poloplus10.demo-on.de\/wp-content\/uploads\/2021\/07\/poloplus10_logo.png","width":300,"height":64,"caption":"POLO+10 GmbH"},"image":{"@id":"https:\/\/poloplus10.com\/#\/schema\/logo\/image\/"}},{"@type":"Person","@id":"https:\/\/poloplus10.com\/#\/schema\/person\/bbff47dbc1c0219469f09817682071d1","name":"admin_COxlas9lKLM7iM0yVVlmjWaAIl","sameAs":["https:\/\/poloplus10.com"],"url":"https:\/\/poloplus10.com\/de\/author\/admin_coxlas9lklm7im0yvvlmjwaail\/"}]}},"_links":{"self":[{"href":"https:\/\/poloplus10.com\/de\/wp-json\/wp\/v2\/posts\/78394"}],"collection":[{"href":"https:\/\/poloplus10.com\/de\/wp-json\/wp\/v2\/posts"}],"about":[{"href":"https:\/\/poloplus10.com\/de\/wp-json\/wp\/v2\/types\/post"}],"author":[{"embeddable":true,"href":"https:\/\/poloplus10.com\/de\/wp-json\/wp\/v2\/users\/1"}],"replies":[{"embeddable":true,"href":"https:\/\/poloplus10.com\/de\/wp-json\/wp\/v2\/comments?post=78394"}],"version-history":[{"count":0,"href":"https:\/\/poloplus10.com\/de\/wp-json\/wp\/v2\/posts\/78394\/revisions"}],"wp:featuredmedia":[{"embeddable":true,"href":"https:\/\/poloplus10.com\/de\/wp-json\/wp\/v2\/media\/78395"}],"wp:attachment":[{"href":"https:\/\/poloplus10.com\/de\/wp-json\/wp\/v2\/media?parent=78394"}],"wp:term":[{"taxonomy":"category","embeddable":true,"href":"https:\/\/poloplus10.com\/de\/wp-json\/wp\/v2\/categories?post=78394"},{"taxonomy":"post_tag","embeddable":true,"href":"https:\/\/poloplus10.com\/de\/wp-json\/wp\/v2\/tags?post=78394"},{"taxonomy":"powerkit_post_featured","embeddable":true,"href":"https:\/\/poloplus10.com\/de\/wp-json\/wp\/v2\/powerkit_post_featured?post=78394"}],"curies":[{"name":"wp","href":"https:\/\/api.w.org\/{rel}","templated":true}]}}