{"id":85398,"date":"2022-11-29T13:49:33","date_gmt":"2022-11-29T12:49:33","guid":{"rendered":"https:\/\/poloplus10.com\/?p=85398"},"modified":"2022-11-29T15:01:47","modified_gmt":"2022-11-29T14:01:47","slug":"italia-polo-challenge-cortina-2023","status":"publish","type":"post","link":"https:\/\/poloplus10.com\/de\/italia-polo-challenge-cortina-2023\/","title":{"rendered":"Italia Polo Challenge Cortina 2023"},"content":{"rendered":"\t\t<div data-elementor-type=\"wp-post\" data-elementor-id=\"85398\" class=\"elementor elementor-85398\">\n\t\t\t\t\t\t<div class=\"elementor-inner\">\n\t\t\t\t<div class=\"elementor-section-wrap\">\n\t\t\t\t\t\t\t\t\t<section class=\"elementor-section elementor-top-section elementor-element elementor-element-85fe3b4 elementor-section-boxed elementor-section-height-default elementor-section-height-default\" data-id=\"85fe3b4\" data-element_type=\"section\">\n\t\t\t\t\t\t<div class=\"elementor-container elementor-column-gap-default\">\n\t\t\t\t\t\t\t<div class=\"elementor-row\">\n\t\t\t\t\t<div class=\"elementor-column elementor-col-100 elementor-top-column elementor-element elementor-element-e32f025\" data-id=\"e32f025\" data-element_type=\"column\">\n\t\t\t<div class=\"elementor-column-wrap elementor-element-populated\">\n\t\t\t\t\t\t\t<div class=\"elementor-widget-wrap\">\n\t\t\t\t\t\t<div class=\"elementor-element elementor-element-809c6aa elementor-widget elementor-widget-text-editor\" data-id=\"809c6aa\" data-element_type=\"widget\" data-widget_type=\"text-editor.default\">\n\t\t\t\t<div class=\"elementor-widget-container\">\n\t\t\t\t\t\t\t\t<div class=\"elementor-text-editor elementor-clearfix\">\n\t\t\t\t<p class=\"p1\"><strong>Der Termin f\u00fcr die Italia Polo Challenge Cortina 2023 wurde auf den 14. bis 18. Februar festgelegt.<\/strong><\/p><p class=\"p1\">Dieses Arena Polo on Snow Turnier (8-10 Goals Handicap) wird abends in einer wundersch\u00f6nen Umgebung gespielt, die durch die Scheinwerfer noch bezaubernder wird. Sechs Poloteams werden f\u00fcr Deutschland, Italien, Frankreich, Deutschland, Korea und China antreten.<\/p><p class=\"p1\">Ein Mitglied des chinesischen Teams ist Eclair Chen, eine Spielerin, die als Kapit\u00e4nin des Teams, das die Ausgabe 2021 gewonnen hat, offensichtlich sehr gesch\u00e4tzt wird. Die junge und sch\u00f6ne Spielerin, die dauerhaft in England lebt, wird sicherlich nicht die einzige Dame sein, die an dem Turnier teilnimmt. Mit dem Korea Polo Country Club als neuem Teilnehmer, der in letzter Zeit in Europa sehr aktiv geworden ist, gibt es in diesem Turnier viel Neues.<\/p><p class=\"p1\">&#8220;Kaum hatten wir die Daten best\u00e4tigt, war die Gruppe der Teams schon komplett&#8221;, so Patricio Rattagan, Organisator dieser Veranstaltung, die von der Gemeinde Cortina d&#8217;Ampezzo und dem italienischen Pferdesportverband stark unterst\u00fctzt wird. &#8220;Das ist die beste Best\u00e4tigung f\u00fcr die Attraktivit\u00e4t einer Veranstaltung mit einer au\u00dfergew\u00f6hnlichen Tradition&#8221;.<\/p>\t\t\t\t\t<\/div>\n\t\t\t\t\t\t<\/div>\n\t\t\t\t<\/div>\n\t\t\t\t<div class=\"elementor-element elementor-element-032a4cf elementor-widget elementor-widget-gallery\" data-id=\"032a4cf\" data-element_type=\"widget\" data-settings=\"{&quot;aspect_ratio&quot;:&quot;1:1&quot;,&quot;lazyload&quot;:&quot;yes&quot;,&quot;gallery_layout&quot;:&quot;grid&quot;,&quot;columns&quot;:4,&quot;columns_tablet&quot;:2,&quot;columns_mobile&quot;:1,&quot;gap&quot;:{&quot;unit&quot;:&quot;px&quot;,&quot;size&quot;:10,&quot;sizes&quot;:[]},&quot;gap_tablet&quot;:{&quot;unit&quot;:&quot;px&quot;,&quot;size&quot;:10,&quot;sizes&quot;:[]},&quot;gap_mobile&quot;:{&quot;unit&quot;:&quot;px&quot;,&quot;size&quot;:10,&quot;sizes&quot;:[]},&quot;link_to&quot;:&quot;file&quot;,&quot;overlay_background&quot;:&quot;yes&quot;,&quot;content_hover_animation&quot;:&quot;fade-in&quot;}\" data-widget_type=\"gallery.default\">\n\t\t\t\t<div class=\"elementor-widget-container\">\n\t\t\t\t\t<div class=\"elementor-gallery__container\">\n\t\t\t\t\t<\/div>\n\t\t\t<\/div>\n\t\t\t\t<\/div>\n\t\t\t\t\t\t<\/div>\n\t\t\t\t\t<\/div>\n\t\t<\/div>\n\t\t\t\t\t\t\t\t<\/div>\n\t\t\t\t\t<\/div>\n\t\t<\/section>\n\t\t\t\t\t\t\t\t\t<\/div>\n\t\t\t<\/div>\n\t\t\t\t\t<\/div>\n\t\t","protected":false},"excerpt":{"rendered":"<p>Der Termin f\u00fcr die Italia Polo Challenge Cortina 2023 wurde auf den 14. bis 18. Februar festgelegt. Dieses Arena Polo on Snow Turnier (8-10 Goals Handicap) wird abends in einer&hellip;<\/p>\n","protected":false},"author":3,"featured_media":0,"comment_status":"open","ping_status":"closed","sticky":false,"template":"","format":"standard","meta":{"_monsterinsights_skip_tracking":false,"_monsterinsights_sitenote_active":false,"_monsterinsights_sitenote_note":"","_monsterinsights_sitenote_category":0},"categories":[5660],"tags":[5782,10640,10886,10887],"powerkit_post_featured":[],"acf":[],"yoast_head":"<!-- This site is optimized with the Yoast SEO plugin v19.6.1 - https:\/\/yoast.com\/wordpress\/plugins\/seo\/ -->\n<title>Italia Polo Challenge Cortina 2023 - POLO+10<\/title>\n<meta name=\"description\" content=\"Der Termin f\u00fcr die Italia Polo Challenge Cortina 2023 wurde auf den 14. bis 18. Februar festgelegt.\" \/>\n<meta name=\"robots\" content=\"index, follow, max-snippet:-1, max-image-preview:large, max-video-preview:-1\" \/>\n<link rel=\"canonical\" href=\"https:\/\/poloplus10.com\/de\/italia-polo-challenge-cortina-2023\/\" \/>\n<meta property=\"og:locale\" content=\"de_DE\" \/>\n<meta property=\"og:type\" content=\"article\" \/>\n<meta property=\"og:title\" content=\"Italia Polo Challenge Cortina 2023 - POLO+10\" \/>\n<meta property=\"og:description\" content=\"Der Termin f\u00fcr die Italia Polo Challenge Cortina 2023 wurde auf den 14. bis 18. Februar festgelegt.\" \/>\n<meta property=\"og:url\" content=\"https:\/\/poloplus10.com\/de\/italia-polo-challenge-cortina-2023\/\" \/>\n<meta property=\"og:site_name\" content=\"POLO+10\" \/>\n<meta property=\"article:published_time\" content=\"2022-11-29T12:49:33+00:00\" \/>\n<meta property=\"article:modified_time\" content=\"2022-11-29T14:01:47+00:00\" \/>\n<meta property=\"og:image\" content=\"https:\/\/poloplus10.com\/wp-content\/uploads\/2022\/11\/DSC4043_Bandion.jpg\" \/>\n\t<meta property=\"og:image:width\" content=\"2500\" \/>\n\t<meta property=\"og:image:height\" content=\"1667\" \/>\n\t<meta property=\"og:image:type\" content=\"image\/jpeg\" \/>\n<meta name=\"author\" content=\"simonsen\" \/>\n<meta name=\"twitter:card\" content=\"summary_large_image\" \/>\n<meta name=\"twitter:label1\" content=\"Verfasst von\" \/>\n\t<meta name=\"twitter:data1\" content=\"simonsen\" \/>\n\t<meta name=\"twitter:label2\" content=\"Gesch\u00e4tzte Lesezeit\" \/>\n\t<meta name=\"twitter:data2\" content=\"1\u00a0Minute\" \/>\n<script type=\"application\/ld+json\" class=\"yoast-schema-graph\">{\"@context\":\"https:\/\/schema.org\",\"@graph\":[{\"@type\":\"Article\",\"@id\":\"https:\/\/poloplus10.com\/de\/italia-polo-challenge-cortina-2023\/#article\",\"isPartOf\":{\"@id\":\"https:\/\/poloplus10.com\/de\/italia-polo-challenge-cortina-2023\/\"},\"author\":{\"name\":\"simonsen\",\"@id\":\"https:\/\/poloplus10.com\/#\/schema\/person\/7643d2937c202352233fde606badc7df\"},\"headline\":\"Italia Polo Challenge Cortina 2023\",\"datePublished\":\"2022-11-29T12:49:33+00:00\",\"dateModified\":\"2022-11-29T14:01:47+00:00\",\"mainEntityOfPage\":{\"@id\":\"https:\/\/poloplus10.com\/de\/italia-polo-challenge-cortina-2023\/\"},\"wordCount\":184,\"commentCount\":0,\"publisher\":{\"@id\":\"https:\/\/poloplus10.com\/#organization\"},\"keywords\":[\"Cortina\",\"Italia Polo Challenge Cortina\",\"Polo\",\"Polo+10\"],\"articleSection\":[\"Polo News\"],\"inLanguage\":\"de\",\"potentialAction\":[{\"@type\":\"CommentAction\",\"name\":\"Comment\",\"target\":[\"https:\/\/poloplus10.com\/de\/italia-polo-challenge-cortina-2023\/#respond\"]}]},{\"@type\":\"WebPage\",\"@id\":\"https:\/\/poloplus10.com\/de\/italia-polo-challenge-cortina-2023\/\",\"url\":\"https:\/\/poloplus10.com\/de\/italia-polo-challenge-cortina-2023\/\",\"name\":\"Italia Polo Challenge Cortina 2023 - POLO+10\",\"isPartOf\":{\"@id\":\"https:\/\/poloplus10.com\/#website\"},\"datePublished\":\"2022-11-29T12:49:33+00:00\",\"dateModified\":\"2022-11-29T14:01:47+00:00\",\"description\":\"Der Termin f\u00fcr die Italia Polo Challenge Cortina 2023 wurde auf den 14. bis 18. Februar festgelegt.\",\"breadcrumb\":{\"@id\":\"https:\/\/poloplus10.com\/de\/italia-polo-challenge-cortina-2023\/#breadcrumb\"},\"inLanguage\":\"de\",\"potentialAction\":[{\"@type\":\"ReadAction\",\"target\":[\"https:\/\/poloplus10.com\/de\/italia-polo-challenge-cortina-2023\/\"]}]},{\"@type\":\"BreadcrumbList\",\"@id\":\"https:\/\/poloplus10.com\/de\/italia-polo-challenge-cortina-2023\/#breadcrumb\",\"itemListElement\":[{\"@type\":\"ListItem\",\"position\":1,\"name\":\"Home\",\"item\":\"https:\/\/poloplus10.com\/\"},{\"@type\":\"ListItem\",\"position\":2,\"name\":\"Italia Polo Challenge Cortina 2023\"}]},{\"@type\":\"WebSite\",\"@id\":\"https:\/\/poloplus10.com\/#website\",\"url\":\"https:\/\/poloplus10.com\/\",\"name\":\"POLO+10\",\"description\":\"The Polo Magazine\",\"publisher\":{\"@id\":\"https:\/\/poloplus10.com\/#organization\"},\"potentialAction\":[{\"@type\":\"SearchAction\",\"target\":{\"@type\":\"EntryPoint\",\"urlTemplate\":\"https:\/\/poloplus10.com\/?s={search_term_string}\"},\"query-input\":\"required name=search_term_string\"}],\"inLanguage\":\"de\"},{\"@type\":\"Organization\",\"@id\":\"https:\/\/poloplus10.com\/#organization\",\"name\":\"POLO+10 GmbH\",\"url\":\"https:\/\/poloplus10.com\/\",\"sameAs\":[],\"logo\":{\"@type\":\"ImageObject\",\"inLanguage\":\"de\",\"@id\":\"https:\/\/poloplus10.com\/#\/schema\/logo\/image\/\",\"url\":\"https:\/\/poloplus10.demo-on.de\/wp-content\/uploads\/2021\/07\/poloplus10_logo.png\",\"contentUrl\":\"https:\/\/poloplus10.demo-on.de\/wp-content\/uploads\/2021\/07\/poloplus10_logo.png\",\"width\":300,\"height\":64,\"caption\":\"POLO+10 GmbH\"},\"image\":{\"@id\":\"https:\/\/poloplus10.com\/#\/schema\/logo\/image\/\"}},{\"@type\":\"Person\",\"@id\":\"https:\/\/poloplus10.com\/#\/schema\/person\/7643d2937c202352233fde606badc7df\",\"name\":\"simonsen\",\"url\":\"https:\/\/poloplus10.com\/de\/author\/simonsen\/\"}]}<\/script>\n<!-- \/ Yoast SEO plugin. -->","yoast_head_json":{"title":"Italia Polo Challenge Cortina 2023 - POLO+10","description":"Der Termin f\u00fcr die Italia Polo Challenge Cortina 2023 wurde auf den 14. bis 18. Februar festgelegt.","robots":{"index":"index","follow":"follow","max-snippet":"max-snippet:-1","max-image-preview":"max-image-preview:large","max-video-preview":"max-video-preview:-1"},"canonical":"https:\/\/poloplus10.com\/de\/italia-polo-challenge-cortina-2023\/","og_locale":"de_DE","og_type":"article","og_title":"Italia Polo Challenge Cortina 2023 - POLO+10","og_description":"Der Termin f\u00fcr die Italia Polo Challenge Cortina 2023 wurde auf den 14. bis 18. Februar festgelegt.","og_url":"https:\/\/poloplus10.com\/de\/italia-polo-challenge-cortina-2023\/","og_site_name":"POLO+10","article_published_time":"2022-11-29T12:49:33+00:00","article_modified_time":"2022-11-29T14:01:47+00:00","og_image":[{"width":2500,"height":1667,"url":"https:\/\/poloplus10.com\/wp-content\/uploads\/2022\/11\/DSC4043_Bandion.jpg","type":"image\/jpeg"}],"author":"simonsen","twitter_card":"summary_large_image","twitter_misc":{"Verfasst von":"simonsen","Gesch\u00e4tzte Lesezeit":"1\u00a0Minute"},"schema":{"@context":"https:\/\/schema.org","@graph":[{"@type":"Article","@id":"https:\/\/poloplus10.com\/de\/italia-polo-challenge-cortina-2023\/#article","isPartOf":{"@id":"https:\/\/poloplus10.com\/de\/italia-polo-challenge-cortina-2023\/"},"author":{"name":"simonsen","@id":"https:\/\/poloplus10.com\/#\/schema\/person\/7643d2937c202352233fde606badc7df"},"headline":"Italia Polo Challenge Cortina 2023","datePublished":"2022-11-29T12:49:33+00:00","dateModified":"2022-11-29T14:01:47+00:00","mainEntityOfPage":{"@id":"https:\/\/poloplus10.com\/de\/italia-polo-challenge-cortina-2023\/"},"wordCount":184,"commentCount":0,"publisher":{"@id":"https:\/\/poloplus10.com\/#organization"},"keywords":["Cortina","Italia Polo Challenge Cortina","Polo","Polo+10"],"articleSection":["Polo News"],"inLanguage":"de","potentialAction":[{"@type":"CommentAction","name":"Comment","target":["https:\/\/poloplus10.com\/de\/italia-polo-challenge-cortina-2023\/#respond"]}]},{"@type":"WebPage","@id":"https:\/\/poloplus10.com\/de\/italia-polo-challenge-cortina-2023\/","url":"https:\/\/poloplus10.com\/de\/italia-polo-challenge-cortina-2023\/","name":"Italia Polo Challenge Cortina 2023 - POLO+10","isPartOf":{"@id":"https:\/\/poloplus10.com\/#website"},"datePublished":"2022-11-29T12:49:33+00:00","dateModified":"2022-11-29T14:01:47+00:00","description":"Der Termin f\u00fcr die Italia Polo Challenge Cortina 2023 wurde auf den 14. bis 18. Februar festgelegt.","breadcrumb":{"@id":"https:\/\/poloplus10.com\/de\/italia-polo-challenge-cortina-2023\/#breadcrumb"},"inLanguage":"de","potentialAction":[{"@type":"ReadAction","target":["https:\/\/poloplus10.com\/de\/italia-polo-challenge-cortina-2023\/"]}]},{"@type":"BreadcrumbList","@id":"https:\/\/poloplus10.com\/de\/italia-polo-challenge-cortina-2023\/#breadcrumb","itemListElement":[{"@type":"ListItem","position":1,"name":"Home","item":"https:\/\/poloplus10.com\/"},{"@type":"ListItem","position":2,"name":"Italia Polo Challenge Cortina 2023"}]},{"@type":"WebSite","@id":"https:\/\/poloplus10.com\/#website","url":"https:\/\/poloplus10.com\/","name":"POLO+10","description":"The Polo Magazine","publisher":{"@id":"https:\/\/poloplus10.com\/#organization"},"potentialAction":[{"@type":"SearchAction","target":{"@type":"EntryPoint","urlTemplate":"https:\/\/poloplus10.com\/?s={search_term_string}"},"query-input":"required name=search_term_string"}],"inLanguage":"de"},{"@type":"Organization","@id":"https:\/\/poloplus10.com\/#organization","name":"POLO+10 GmbH","url":"https:\/\/poloplus10.com\/","sameAs":[],"logo":{"@type":"ImageObject","inLanguage":"de","@id":"https:\/\/poloplus10.com\/#\/schema\/logo\/image\/","url":"https:\/\/poloplus10.demo-on.de\/wp-content\/uploads\/2021\/07\/poloplus10_logo.png","contentUrl":"https:\/\/poloplus10.demo-on.de\/wp-content\/uploads\/2021\/07\/poloplus10_logo.png","width":300,"height":64,"caption":"POLO+10 GmbH"},"image":{"@id":"https:\/\/poloplus10.com\/#\/schema\/logo\/image\/"}},{"@type":"Person","@id":"https:\/\/poloplus10.com\/#\/schema\/person\/7643d2937c202352233fde606badc7df","name":"simonsen","url":"https:\/\/poloplus10.com\/de\/author\/simonsen\/"}]}},"_links":{"self":[{"href":"https:\/\/poloplus10.com\/de\/wp-json\/wp\/v2\/posts\/85398"}],"collection":[{"href":"https:\/\/poloplus10.com\/de\/wp-json\/wp\/v2\/posts"}],"about":[{"href":"https:\/\/poloplus10.com\/de\/wp-json\/wp\/v2\/types\/post"}],"author":[{"embeddable":true,"href":"https:\/\/poloplus10.com\/de\/wp-json\/wp\/v2\/users\/3"}],"replies":[{"embeddable":true,"href":"https:\/\/poloplus10.com\/de\/wp-json\/wp\/v2\/comments?post=85398"}],"version-history":[{"count":6,"href":"https:\/\/poloplus10.com\/de\/wp-json\/wp\/v2\/posts\/85398\/revisions"}],"predecessor-version":[{"id":85447,"href":"https:\/\/poloplus10.com\/de\/wp-json\/wp\/v2\/posts\/85398\/revisions\/85447"}],"wp:attachment":[{"href":"https:\/\/poloplus10.com\/de\/wp-json\/wp\/v2\/media?parent=85398"}],"wp:term":[{"taxonomy":"category","embeddable":true,"href":"https:\/\/poloplus10.com\/de\/wp-json\/wp\/v2\/categories?post=85398"},{"taxonomy":"post_tag","embeddable":true,"href":"https:\/\/poloplus10.com\/de\/wp-json\/wp\/v2\/tags?post=85398"},{"taxonomy":"powerkit_post_featured","embeddable":true,"href":"https:\/\/poloplus10.com\/de\/wp-json\/wp\/v2\/powerkit_post_featured?post=85398"}],"curies":[{"name":"wp","href":"https:\/\/api.w.org\/{rel}","templated":true}]}}